{"id":21309,"date":"2021-06-07T15:27:45","date_gmt":"2021-06-07T13:27:45","guid":{"rendered":"https:\/\/zonafrancasantiago.com\/la-corporacion-es-distinguida-como-mejor-zona-franca-industrial-2021\/"},"modified":"2021-06-07T15:27:45","modified_gmt":"2021-06-07T13:27:45","slug":"la-corporacion-es-distinguida-como-mejor-zona-franca-industrial-2021","status":"publish","type":"post","link":"https:\/\/zonafrancasantiago.com\/en\/la-corporacion-es-distinguida-como-mejor-zona-franca-industrial-2021\/","title":{"rendered":"La Corporaci\u00f3n es distinguida como Mejor Zona Franca Industrial 2021"},"content":{"rendered":"<p><strong>Santiago 29 de mayo 2021. \u2013<\/strong>El panel de jueces de la revista especializada en temas financieros Capital Finance International (CFI), concedi\u00f3 a la Corporaci\u00f3n Zona Franca Santiago (CZFS) el premio Mejor Zona Franca Industrial 2021.<\/p>\n<p>La distinci\u00f3n anunciada en el mes de marzo, est\u00e1 avalada en la reputaci\u00f3n acumulada por la Corporaci\u00f3n, seg\u00fan los par\u00e1metros de innovaci\u00f3n y desarrollo socioecon\u00f3mico en Am\u00e9rica Latina y el Caribe.<\/p>\n<p>&#8220;La Corporaci\u00f3n ha sido un catalizador de crecimiento durante los \u00faltimos 47 a\u00f1os, generando puestos de trabajo y mejorando las habilidades de los colaboradores&#8221;, refiere la publicaci\u00f3n.<\/p>\n<p>Adem\u00e1s, difunde que la instituci\u00f3n opera el Parque Industrial V\u00edctor Espaillat Mera (PIVEM), un Campus Corporativo con una planta de tratamiento de aguas residuales de alta capacidad, una inmensa granja de paneles solares sobre techo industrial y telecomunicaciones de fibra \u00f3ptica.<\/p>\n<p>El premio a la Mejor Zona Franca Industrial 2021, lo apoya tambi\u00e9n la estructura integral de Responsabilidad Social Corporativa centrada en el ambiente, la educaci\u00f3n, el emprendimiento y la salud. De igual manera, en la formaci\u00f3n t\u00e9cnica y los programas educativos que garantizan mano de obra calificada, as\u00ed como servicios de salud preventiva y la atenci\u00f3n ambulatoria disponibles en M\u0113dica.<\/p>\n<p>Miguel A. Lama, Presidente del Consejo Directivo de la Corporaci\u00f3n, agradeci\u00f3 la distinci\u00f3n de CFI, por el aprecio a las pr\u00e1cticas empresariales de primera l\u00ednea y la contribuci\u00f3n permanente de la organizaci\u00f3n al desarrollo de la regi\u00f3n Norte y el pa\u00eds.<\/p>\n<p>En a\u00f1os anteriores, la CZFS ha sido reconocida por esta prestigiosa publicaci\u00f3n internacional, como: \u201cMejor Ubicaci\u00f3n Zona Franca en el Caribe\u201d en 2016 y en la categor\u00eda \u201cMejor ESG (Ambiental, Social y Gobernanza) de Am\u00e9rica Latina y el Caribe\u201d, 2019.<\/p>\n","protected":false},"excerpt":{"rendered":"<p>Santiago 29 de mayo 2021. \u2013El panel de jueces de la revista especializada en temas financieros Capital Finance International (CFI), concedi\u00f3 a la Corporaci\u00f3n Zona Franca Santiago (CZFS) el premio Mejor Zona Franca Industrial 2021. La distinci\u00f3n anunciada en el mes de marzo, est\u00e1 avalada en la reputaci\u00f3n acumulada por la Corporaci\u00f3n, seg\u00fan los par\u00e1metros [&hellip;]<\/p>\n","protected":false},"author":8,"featured_media":0,"comment_status":"open","ping_status":"open","sticky":false,"template":"","format":"standard","meta":{"footnotes":""},"categories":[1],"tags":[],"class_list":["post-21309","post","type-post","status-publish","format-standard","hentry","category-sin-categorizar"],"yoast_head":"<!-- This site is optimized with the Yoast SEO plugin v25.7 - https:\/\/yoast.com\/wordpress\/plugins\/seo\/ -->\n<title>La Corporaci\u00f3n es distinguida como Mejor Zona Franca Industrial 2021 - Corporaci\u00f3n Zona Franca Santiago<\/title>\n<meta name=\"robots\" content=\"index, follow, max-snippet:-1, max-image-preview:large, max-video-preview:-1\" \/>\n<link rel=\"canonical\" href=\"https:\/\/zonafrancasantiago.com\/en\/la-corporacion-es-distinguida-como-mejor-zona-franca-industrial-2021\/\" \/>\n<meta property=\"og:locale\" content=\"en_US\" \/>\n<meta property=\"og:type\" content=\"article\" \/>\n<meta property=\"og:title\" content=\"La Corporaci\u00f3n es distinguida como Mejor Zona Franca Industrial 2021 - Corporaci\u00f3n Zona Franca Santiago\" \/>\n<meta property=\"og:description\" content=\"Santiago 29 de mayo 2021. \u2013El panel de jueces de la revista especializada en temas financieros Capital Finance International (CFI), concedi\u00f3 a la Corporaci\u00f3n Zona Franca Santiago (CZFS) el premio Mejor Zona Franca Industrial 2021. La distinci\u00f3n anunciada en el mes de marzo, est\u00e1 avalada en la reputaci\u00f3n acumulada por la Corporaci\u00f3n, seg\u00fan los par\u00e1metros [&hellip;]\" \/>\n<meta property=\"og:url\" content=\"https:\/\/zonafrancasantiago.com\/en\/la-corporacion-es-distinguida-como-mejor-zona-franca-industrial-2021\/\" \/>\n<meta property=\"og:site_name\" content=\"Corporaci\u00f3n Zona Franca Santiago\" \/>\n<meta property=\"article:publisher\" content=\"https:\/\/www.facebook.com\/CZFSantiago\" \/>\n<meta property=\"article:published_time\" content=\"2021-06-07T13:27:45+00:00\" \/>\n<meta name=\"author\" content=\"victor\" \/>\n<meta name=\"twitter:card\" content=\"summary_large_image\" \/>\n<meta name=\"twitter:creator\" content=\"@czfsantiagord\" \/>\n<meta name=\"twitter:site\" content=\"@czfsantiagord\" \/>\n<meta name=\"twitter:label1\" content=\"Written by\" \/>\n\t<meta name=\"twitter:data1\" content=\"victor\" \/>\n\t<meta name=\"twitter:label2\" content=\"Est. reading time\" \/>\n\t<meta name=\"twitter:data2\" content=\"2 minutes\" \/>\n<script type=\"application\/ld+json\" class=\"yoast-schema-graph\">{\"@context\":\"https:\/\/schema.org\",\"@graph\":[{\"@type\":\"Article\",\"@id\":\"https:\/\/zonafrancasantiago.com\/en\/la-corporacion-es-distinguida-como-mejor-zona-franca-industrial-2021\/#article\",\"isPartOf\":{\"@id\":\"https:\/\/zonafrancasantiago.com\/en\/la-corporacion-es-distinguida-como-mejor-zona-franca-industrial-2021\/\"},\"author\":{\"name\":\"victor\",\"@id\":\"https:\/\/zonafrancasantiago.com\/#\/schema\/person\/231fdb0cbe334af0f09f36c18b373b97\"},\"headline\":\"La Corporaci\u00f3n es distinguida como Mejor Zona Franca Industrial 2021\",\"datePublished\":\"2021-06-07T13:27:45+00:00\",\"mainEntityOfPage\":{\"@id\":\"https:\/\/zonafrancasantiago.com\/en\/la-corporacion-es-distinguida-como-mejor-zona-franca-industrial-2021\/\"},\"wordCount\":312,\"commentCount\":0,\"publisher\":{\"@id\":\"https:\/\/zonafrancasantiago.com\/#organization\"},\"articleSection\":[\"Sin categorizar\"],\"inLanguage\":\"en-US\",\"potentialAction\":[{\"@type\":\"CommentAction\",\"name\":\"Comment\",\"target\":[\"https:\/\/zonafrancasantiago.com\/en\/la-corporacion-es-distinguida-como-mejor-zona-franca-industrial-2021\/#respond\"]}]},{\"@type\":\"WebPage\",\"@id\":\"https:\/\/zonafrancasantiago.com\/en\/la-corporacion-es-distinguida-como-mejor-zona-franca-industrial-2021\/\",\"url\":\"https:\/\/zonafrancasantiago.com\/en\/la-corporacion-es-distinguida-como-mejor-zona-franca-industrial-2021\/\",\"name\":\"La Corporaci\u00f3n es distinguida como Mejor Zona Franca Industrial 2021 - Corporaci\u00f3n Zona Franca Santiago\",\"isPartOf\":{\"@id\":\"https:\/\/zonafrancasantiago.com\/#website\"},\"datePublished\":\"2021-06-07T13:27:45+00:00\",\"breadcrumb\":{\"@id\":\"https:\/\/zonafrancasantiago.com\/en\/la-corporacion-es-distinguida-como-mejor-zona-franca-industrial-2021\/#breadcrumb\"},\"inLanguage\":\"en-US\",\"potentialAction\":[{\"@type\":\"ReadAction\",\"target\":[\"https:\/\/zonafrancasantiago.com\/en\/la-corporacion-es-distinguida-como-mejor-zona-franca-industrial-2021\/\"]}]},{\"@type\":\"BreadcrumbList\",\"@id\":\"https:\/\/zonafrancasantiago.com\/en\/la-corporacion-es-distinguida-como-mejor-zona-franca-industrial-2021\/#breadcrumb\",\"itemListElement\":[{\"@type\":\"ListItem\",\"position\":1,\"name\":\"Portada\",\"item\":\"https:\/\/zonafrancasantiago.com\/en\/\"},{\"@type\":\"ListItem\",\"position\":2,\"name\":\"La Corporaci\u00f3n es distinguida como Mejor Zona Franca Industrial 2021\"}]},{\"@type\":\"WebSite\",\"@id\":\"https:\/\/zonafrancasantiago.com\/#website\",\"url\":\"https:\/\/zonafrancasantiago.com\/\",\"name\":\"Corporaci\u00f3n Zona Franca Santiago\",\"description\":\"\",\"publisher\":{\"@id\":\"https:\/\/zonafrancasantiago.com\/#organization\"},\"potentialAction\":[{\"@type\":\"SearchAction\",\"target\":{\"@type\":\"EntryPoint\",\"urlTemplate\":\"https:\/\/zonafrancasantiago.com\/?s={search_term_string}\"},\"query-input\":{\"@type\":\"PropertyValueSpecification\",\"valueRequired\":true,\"valueName\":\"search_term_string\"}}],\"inLanguage\":\"en-US\"},{\"@type\":\"Organization\",\"@id\":\"https:\/\/zonafrancasantiago.com\/#organization\",\"name\":\"Corporaci\u00f3n Zona Franca Santiago\",\"url\":\"https:\/\/zonafrancasantiago.com\/\",\"logo\":{\"@type\":\"ImageObject\",\"inLanguage\":\"en-US\",\"@id\":\"https:\/\/zonafrancasantiago.com\/#\/schema\/logo\/image\/\",\"url\":\"https:\/\/zonafrancasantiago.com\/wp-content\/uploads\/2024\/04\/zonafranca-logo.png\",\"contentUrl\":\"https:\/\/zonafrancasantiago.com\/wp-content\/uploads\/2024\/04\/zonafranca-logo.png\",\"width\":245,\"height\":84,\"caption\":\"Corporaci\u00f3n Zona Franca Santiago\"},\"image\":{\"@id\":\"https:\/\/zonafrancasantiago.com\/#\/schema\/logo\/image\/\"},\"sameAs\":[\"https:\/\/www.facebook.com\/CZFSantiago\",\"https:\/\/x.com\/czfsantiagord\",\"https:\/\/www.instagram.com\/czfsantiago\/\",\"https:\/\/www.linkedin.com\/company\/corporacin-zona-franca-santiago\/\",\"https:\/\/www.youtube.com\/@CZFSantiago\"]},{\"@type\":\"Person\",\"@id\":\"https:\/\/zonafrancasantiago.com\/#\/schema\/person\/231fdb0cbe334af0f09f36c18b373b97\",\"name\":\"victor\",\"image\":{\"@type\":\"ImageObject\",\"inLanguage\":\"en-US\",\"@id\":\"https:\/\/zonafrancasantiago.com\/#\/schema\/person\/image\/\",\"url\":\"https:\/\/secure.gravatar.com\/avatar\/1ff4cc1d3cbe810ce69a34f5e275a40730288eb7c1925f7841092e6857ccba93?s=96&d=mm&r=g\",\"contentUrl\":\"https:\/\/secure.gravatar.com\/avatar\/1ff4cc1d3cbe810ce69a34f5e275a40730288eb7c1925f7841092e6857ccba93?s=96&d=mm&r=g\",\"caption\":\"victor\"},\"url\":\"https:\/\/zonafrancasantiago.com\/en\/author\/victor\/\"}]}<\/script>\n<!-- \/ Yoast SEO plugin. -->","yoast_head_json":{"title":"La Corporaci\u00f3n es distinguida como Mejor Zona Franca Industrial 2021 - Corporaci\u00f3n Zona Franca Santiago","robots":{"index":"index","follow":"follow","max-snippet":"max-snippet:-1","max-image-preview":"max-image-preview:large","max-video-preview":"max-video-preview:-1"},"canonical":"https:\/\/zonafrancasantiago.com\/en\/la-corporacion-es-distinguida-como-mejor-zona-franca-industrial-2021\/","og_locale":"en_US","og_type":"article","og_title":"La Corporaci\u00f3n es distinguida como Mejor Zona Franca Industrial 2021 - Corporaci\u00f3n Zona Franca Santiago","og_description":"Santiago 29 de mayo 2021. \u2013El panel de jueces de la revista especializada en temas financieros Capital Finance International (CFI), concedi\u00f3 a la Corporaci\u00f3n Zona Franca Santiago (CZFS) el premio Mejor Zona Franca Industrial 2021. La distinci\u00f3n anunciada en el mes de marzo, est\u00e1 avalada en la reputaci\u00f3n acumulada por la Corporaci\u00f3n, seg\u00fan los par\u00e1metros [&hellip;]","og_url":"https:\/\/zonafrancasantiago.com\/en\/la-corporacion-es-distinguida-como-mejor-zona-franca-industrial-2021\/","og_site_name":"Corporaci\u00f3n Zona Franca Santiago","article_publisher":"https:\/\/www.facebook.com\/CZFSantiago","article_published_time":"2021-06-07T13:27:45+00:00","author":"victor","twitter_card":"summary_large_image","twitter_creator":"@czfsantiagord","twitter_site":"@czfsantiagord","twitter_misc":{"Written by":"victor","Est. reading time":"2 minutes"},"schema":{"@context":"https:\/\/schema.org","@graph":[{"@type":"Article","@id":"https:\/\/zonafrancasantiago.com\/en\/la-corporacion-es-distinguida-como-mejor-zona-franca-industrial-2021\/#article","isPartOf":{"@id":"https:\/\/zonafrancasantiago.com\/en\/la-corporacion-es-distinguida-como-mejor-zona-franca-industrial-2021\/"},"author":{"name":"victor","@id":"https:\/\/zonafrancasantiago.com\/#\/schema\/person\/231fdb0cbe334af0f09f36c18b373b97"},"headline":"La Corporaci\u00f3n es distinguida como Mejor Zona Franca Industrial 2021","datePublished":"2021-06-07T13:27:45+00:00","mainEntityOfPage":{"@id":"https:\/\/zonafrancasantiago.com\/en\/la-corporacion-es-distinguida-como-mejor-zona-franca-industrial-2021\/"},"wordCount":312,"commentCount":0,"publisher":{"@id":"https:\/\/zonafrancasantiago.com\/#organization"},"articleSection":["Sin categorizar"],"inLanguage":"en-US","potentialAction":[{"@type":"CommentAction","name":"Comment","target":["https:\/\/zonafrancasantiago.com\/en\/la-corporacion-es-distinguida-como-mejor-zona-franca-industrial-2021\/#respond"]}]},{"@type":"WebPage","@id":"https:\/\/zonafrancasantiago.com\/en\/la-corporacion-es-distinguida-como-mejor-zona-franca-industrial-2021\/","url":"https:\/\/zonafrancasantiago.com\/en\/la-corporacion-es-distinguida-como-mejor-zona-franca-industrial-2021\/","name":"La Corporaci\u00f3n es distinguida como Mejor Zona Franca Industrial 2021 - Corporaci\u00f3n Zona Franca Santiago","isPartOf":{"@id":"https:\/\/zonafrancasantiago.com\/#website"},"datePublished":"2021-06-07T13:27:45+00:00","breadcrumb":{"@id":"https:\/\/zonafrancasantiago.com\/en\/la-corporacion-es-distinguida-como-mejor-zona-franca-industrial-2021\/#breadcrumb"},"inLanguage":"en-US","potentialAction":[{"@type":"ReadAction","target":["https:\/\/zonafrancasantiago.com\/en\/la-corporacion-es-distinguida-como-mejor-zona-franca-industrial-2021\/"]}]},{"@type":"BreadcrumbList","@id":"https:\/\/zonafrancasantiago.com\/en\/la-corporacion-es-distinguida-como-mejor-zona-franca-industrial-2021\/#breadcrumb","itemListElement":[{"@type":"ListItem","position":1,"name":"Portada","item":"https:\/\/zonafrancasantiago.com\/en\/"},{"@type":"ListItem","position":2,"name":"La Corporaci\u00f3n es distinguida como Mejor Zona Franca Industrial 2021"}]},{"@type":"WebSite","@id":"https:\/\/zonafrancasantiago.com\/#website","url":"https:\/\/zonafrancasantiago.com\/","name":"Corporaci\u00f3n Zona Franca Santiago","description":"","publisher":{"@id":"https:\/\/zonafrancasantiago.com\/#organization"},"potentialAction":[{"@type":"SearchAction","target":{"@type":"EntryPoint","urlTemplate":"https:\/\/zonafrancasantiago.com\/?s={search_term_string}"},"query-input":{"@type":"PropertyValueSpecification","valueRequired":true,"valueName":"search_term_string"}}],"inLanguage":"en-US"},{"@type":"Organization","@id":"https:\/\/zonafrancasantiago.com\/#organization","name":"Corporaci\u00f3n Zona Franca Santiago","url":"https:\/\/zonafrancasantiago.com\/","logo":{"@type":"ImageObject","inLanguage":"en-US","@id":"https:\/\/zonafrancasantiago.com\/#\/schema\/logo\/image\/","url":"https:\/\/zonafrancasantiago.com\/wp-content\/uploads\/2024\/04\/zonafranca-logo.png","contentUrl":"https:\/\/zonafrancasantiago.com\/wp-content\/uploads\/2024\/04\/zonafranca-logo.png","width":245,"height":84,"caption":"Corporaci\u00f3n Zona Franca Santiago"},"image":{"@id":"https:\/\/zonafrancasantiago.com\/#\/schema\/logo\/image\/"},"sameAs":["https:\/\/www.facebook.com\/CZFSantiago","https:\/\/x.com\/czfsantiagord","https:\/\/www.instagram.com\/czfsantiago\/","https:\/\/www.linkedin.com\/company\/corporacin-zona-franca-santiago\/","https:\/\/www.youtube.com\/@CZFSantiago"]},{"@type":"Person","@id":"https:\/\/zonafrancasantiago.com\/#\/schema\/person\/231fdb0cbe334af0f09f36c18b373b97","name":"victor","image":{"@type":"ImageObject","inLanguage":"en-US","@id":"https:\/\/zonafrancasantiago.com\/#\/schema\/person\/image\/","url":"https:\/\/secure.gravatar.com\/avatar\/1ff4cc1d3cbe810ce69a34f5e275a40730288eb7c1925f7841092e6857ccba93?s=96&d=mm&r=g","contentUrl":"https:\/\/secure.gravatar.com\/avatar\/1ff4cc1d3cbe810ce69a34f5e275a40730288eb7c1925f7841092e6857ccba93?s=96&d=mm&r=g","caption":"victor"},"url":"https:\/\/zonafrancasantiago.com\/en\/author\/victor\/"}]}},"_links":{"self":[{"href":"https:\/\/zonafrancasantiago.com\/en\/wp-json\/wp\/v2\/posts\/21309","targetHints":{"allow":["GET"]}}],"collection":[{"href":"https:\/\/zonafrancasantiago.com\/en\/wp-json\/wp\/v2\/posts"}],"about":[{"href":"https:\/\/zonafrancasantiago.com\/en\/wp-json\/wp\/v2\/types\/post"}],"author":[{"embeddable":true,"href":"https:\/\/zonafrancasantiago.com\/en\/wp-json\/wp\/v2\/users\/8"}],"replies":[{"embeddable":true,"href":"https:\/\/zonafrancasantiago.com\/en\/wp-json\/wp\/v2\/comments?post=21309"}],"version-history":[{"count":0,"href":"https:\/\/zonafrancasantiago.com\/en\/wp-json\/wp\/v2\/posts\/21309\/revisions"}],"wp:attachment":[{"href":"https:\/\/zonafrancasantiago.com\/en\/wp-json\/wp\/v2\/media?parent=21309"}],"wp:term":[{"taxonomy":"category","embeddable":true,"href":"https:\/\/zonafrancasantiago.com\/en\/wp-json\/wp\/v2\/categories?post=21309"},{"taxonomy":"post_tag","embeddable":true,"href":"https:\/\/zonafrancasantiago.com\/en\/wp-json\/wp\/v2\/tags?post=21309"}],"curies":[{"name":"wp","href":"https:\/\/api.w.org\/{rel}","templated":true}]}}