{"id":2172,"date":"2019-08-05T16:37:06","date_gmt":"2019-08-05T14:37:06","guid":{"rendered":"https:\/\/www.zonafrancasantiago.com\/?p=2172"},"modified":"2019-08-05T16:37:06","modified_gmt":"2019-08-05T14:37:06","slug":"futuros-empresarios-capacita-en-tecnologia-a-hijos-de-colaboradores-del-pivem","status":"publish","type":"post","link":"https:\/\/zonafrancasantiago.com\/en\/futuros-empresarios-capacita-en-tecnologia-a-hijos-de-colaboradores-del-pivem\/","title":{"rendered":"\u201cFuturos Empresarios\u201d capacita en tecnolog\u00eda a hijos de colaboradores del PIVEM"},"content":{"rendered":"<p>En Capex, Centro de Innovaci\u00f3n y Capacitaci\u00f3n Profesional, se graduaron m\u00e1s de 160 j\u00f3venes, hijos de los colaboradores del PIVEM (Parque Industrial V\u00edctor Espaillat Mera), quienes egresaron de la versi\u00f3n 2019 del programa \u201cDesarrollo Tecnol\u00f3gico. Futuros Empresarios\u201d.<\/p>\n<p>Este a\u00f1o, las 30 horas de capacitaci\u00f3n fueron dedicadas a \u201cIntroducci\u00f3n a la Programaci\u00f3n Python\u201d, dise\u00f1ada para estimular la creatividad en los j\u00f3venes y su razonamiento l\u00f3gico, con la finalidad de convertir las ideas en aplicaciones, a trav\u00e9s del lenguaje de programaci\u00f3n.<\/p>\n<p>Miguel A. Lama, presidente del consejo directivo de la Corporaci\u00f3n Zona Franca Santiago (CZFS), manifest\u00f3 que, en el contexto de la cuarta Revoluci\u00f3n Industrial, el c\u00f3digo inform\u00e1tico representa una herramienta de libertad que le permite al joven fomentar la creatividad, el pensamiento cr\u00edtico y resoluci\u00f3n de problemas con el objetivo de hacer la transici\u00f3n de: consumir informaci\u00f3n a generar contenido.<\/p>\n<p>\u201cEl a\u00f1o pasado, m\u00e1s de mil 300 j\u00f3venes fueron acreditados en este proyecto, el primer programa de Responsabilidad Social Corporativa de Capex, o sea, la primera vez que esta academia abr\u00eda sus puertas a los hijos de los colaboradores de las empresas del PIVEM. Nos satisface saber que, \u201cDesarrollo Tecnol\u00f3gico: Futuros Empresarios\u201d suma hoy m\u00e1s de 160 graduandos a sus estad\u00edsticas de valor\u201d, expres\u00f3 el empresario, quien tambi\u00e9n destac\u00f3 la contribuci\u00f3n econ\u00f3mica y social de la Corporaci\u00f3n Zona Franca en sus 45 a\u00f1os de historia.<\/p>\n<p>Cayra Bencosme, directora ejecutiva de Capex, manifest\u00f3 que la instituci\u00f3n, a trav\u00e9s del programa \u201cDesarrollo Tecnol\u00f3gico: Futuros Empresarios\u201d est\u00e1 sembrando la semilla de la innovaci\u00f3n, la creatividad y el emprendimiento tecnol\u00f3gico en la juventud. \u201cPotenciamos las capacidades de una generaci\u00f3n nativa tecnol\u00f3gica, pero con el objetivo de fomentar el estudio hacia la programaci\u00f3n\u201d, expres\u00f3 la ejecutiva.<\/p>\n<p>En nombre de las empresas patrocinadoras habl\u00f3 Arisleyda Tineo, gerente regional norte de INFOTEP. La estudiante Esthefi Garc\u00eda Torres, ofreci\u00f3 su testimonio sobre las sesiones de capacitaci\u00f3n en Capex.<\/p>\n<p>Auspiciaron esta versi\u00f3n de \u201cDesarrollo Tecnol\u00f3gico. Futuros Empresarios\u201d, las empresas: La Fabril, Infotep, Synergies, General Cigar, Swedish Match, Sewn Products, Sigma Alimentos, Hilos A&amp;E, Baldom y Helados Splash.<\/p>\n","protected":false},"excerpt":{"rendered":"<p>En Capex, Centro de Innovaci\u00f3n y Capacitaci\u00f3n Profesional, se graduaron m\u00e1s de 160 j\u00f3venes, hijos de los colaboradores del PIVEM (Parque Industrial V\u00edctor Espaillat Mera), quienes egresaron de la versi\u00f3n 2019 del programa \u201cDesarrollo Tecnol\u00f3gico. Futuros Empresarios\u201d. Este a\u00f1o, las 30 horas de capacitaci\u00f3n fueron dedicadas a \u201cIntroducci\u00f3n a la Programaci\u00f3n Python\u201d, dise\u00f1ada para estimular [&hellip;]<\/p>\n","protected":false},"author":8,"featured_media":2173,"comment_status":"open","ping_status":"open","sticky":false,"template":"","format":"standard","meta":{"footnotes":""},"categories":[1],"tags":[],"class_list":["post-2172","post","type-post","status-publish","format-standard","has-post-thumbnail","hentry","category-sin-categorizar"],"yoast_head":"<!-- This site is optimized with the Yoast SEO plugin v25.7 - https:\/\/yoast.com\/wordpress\/plugins\/seo\/ -->\n<title>\u201cFuturos Empresarios\u201d capacita en tecnolog\u00eda a hijos de colaboradores del PIVEM - Corporaci\u00f3n Zona Franca Santiago<\/title>\n<meta name=\"robots\" content=\"index, follow, max-snippet:-1, max-image-preview:large, max-video-preview:-1\" \/>\n<link rel=\"canonical\" href=\"https:\/\/zonafrancasantiago.com\/futuros-empresarios-capacita-en-tecnologia-a-hijos-de-colaboradores-del-pivem\/\" \/>\n<meta property=\"og:locale\" content=\"en_US\" \/>\n<meta property=\"og:type\" content=\"article\" \/>\n<meta property=\"og:title\" content=\"\u201cFuturos Empresarios\u201d capacita en tecnolog\u00eda a hijos de colaboradores del PIVEM - Corporaci\u00f3n Zona Franca Santiago\" \/>\n<meta property=\"og:description\" content=\"En Capex, Centro de Innovaci\u00f3n y Capacitaci\u00f3n Profesional, se graduaron m\u00e1s de 160 j\u00f3venes, hijos de los colaboradores del PIVEM (Parque Industrial V\u00edctor Espaillat Mera), quienes egresaron de la versi\u00f3n 2019 del programa \u201cDesarrollo Tecnol\u00f3gico. Futuros Empresarios\u201d. Este a\u00f1o, las 30 horas de capacitaci\u00f3n fueron dedicadas a \u201cIntroducci\u00f3n a la Programaci\u00f3n Python\u201d, dise\u00f1ada para estimular [&hellip;]\" \/>\n<meta property=\"og:url\" content=\"https:\/\/zonafrancasantiago.com\/futuros-empresarios-capacita-en-tecnologia-a-hijos-de-colaboradores-del-pivem\/\" \/>\n<meta property=\"og:site_name\" content=\"Corporaci\u00f3n Zona Franca Santiago\" \/>\n<meta property=\"article:publisher\" content=\"https:\/\/www.facebook.com\/CZFSantiago\" \/>\n<meta property=\"article:published_time\" content=\"2019-08-05T14:37:06+00:00\" \/>\n<meta property=\"og:image\" content=\"https:\/\/zonafrancasantiago.com\/wp-content\/uploads\/2019\/10\/CAF_6306-scaled.jpg\" \/>\n\t<meta property=\"og:image:width\" content=\"2560\" \/>\n\t<meta property=\"og:image:height\" content=\"1708\" \/>\n\t<meta property=\"og:image:type\" content=\"image\/jpeg\" \/>\n<meta name=\"author\" content=\"victor\" \/>\n<meta name=\"twitter:card\" content=\"summary_large_image\" \/>\n<meta name=\"twitter:creator\" content=\"@czfsantiagord\" \/>\n<meta name=\"twitter:site\" content=\"@czfsantiagord\" \/>\n<meta name=\"twitter:label1\" content=\"Written by\" \/>\n\t<meta name=\"twitter:data1\" content=\"victor\" \/>\n\t<meta name=\"twitter:label2\" content=\"Est. reading time\" \/>\n\t<meta name=\"twitter:data2\" content=\"2 minutes\" \/>\n<script type=\"application\/ld+json\" class=\"yoast-schema-graph\">{\"@context\":\"https:\/\/schema.org\",\"@graph\":[{\"@type\":\"Article\",\"@id\":\"https:\/\/zonafrancasantiago.com\/futuros-empresarios-capacita-en-tecnologia-a-hijos-de-colaboradores-del-pivem\/#article\",\"isPartOf\":{\"@id\":\"https:\/\/zonafrancasantiago.com\/futuros-empresarios-capacita-en-tecnologia-a-hijos-de-colaboradores-del-pivem\/\"},\"author\":{\"name\":\"victor\",\"@id\":\"https:\/\/zonafrancasantiago.com\/#\/schema\/person\/231fdb0cbe334af0f09f36c18b373b97\"},\"headline\":\"\u201cFuturos Empresarios\u201d capacita en tecnolog\u00eda a hijos de colaboradores del PIVEM\",\"datePublished\":\"2019-08-05T14:37:06+00:00\",\"mainEntityOfPage\":{\"@id\":\"https:\/\/zonafrancasantiago.com\/futuros-empresarios-capacita-en-tecnologia-a-hijos-de-colaboradores-del-pivem\/\"},\"wordCount\":393,\"commentCount\":0,\"publisher\":{\"@id\":\"https:\/\/zonafrancasantiago.com\/#organization\"},\"image\":{\"@id\":\"https:\/\/zonafrancasantiago.com\/futuros-empresarios-capacita-en-tecnologia-a-hijos-de-colaboradores-del-pivem\/#primaryimage\"},\"thumbnailUrl\":\"https:\/\/zonafrancasantiago.com\/wp-content\/uploads\/2019\/10\/CAF_6306-scaled.jpg\",\"articleSection\":[\"Sin categorizar\"],\"inLanguage\":\"en-US\",\"potentialAction\":[{\"@type\":\"CommentAction\",\"name\":\"Comment\",\"target\":[\"https:\/\/zonafrancasantiago.com\/futuros-empresarios-capacita-en-tecnologia-a-hijos-de-colaboradores-del-pivem\/#respond\"]}]},{\"@type\":\"WebPage\",\"@id\":\"https:\/\/zonafrancasantiago.com\/futuros-empresarios-capacita-en-tecnologia-a-hijos-de-colaboradores-del-pivem\/\",\"url\":\"https:\/\/zonafrancasantiago.com\/futuros-empresarios-capacita-en-tecnologia-a-hijos-de-colaboradores-del-pivem\/\",\"name\":\"\u201cFuturos Empresarios\u201d capacita en tecnolog\u00eda a hijos de colaboradores del PIVEM - Corporaci\u00f3n Zona Franca Santiago\",\"isPartOf\":{\"@id\":\"https:\/\/zonafrancasantiago.com\/#website\"},\"primaryImageOfPage\":{\"@id\":\"https:\/\/zonafrancasantiago.com\/futuros-empresarios-capacita-en-tecnologia-a-hijos-de-colaboradores-del-pivem\/#primaryimage\"},\"image\":{\"@id\":\"https:\/\/zonafrancasantiago.com\/futuros-empresarios-capacita-en-tecnologia-a-hijos-de-colaboradores-del-pivem\/#primaryimage\"},\"thumbnailUrl\":\"https:\/\/zonafrancasantiago.com\/wp-content\/uploads\/2019\/10\/CAF_6306-scaled.jpg\",\"datePublished\":\"2019-08-05T14:37:06+00:00\",\"breadcrumb\":{\"@id\":\"https:\/\/zonafrancasantiago.com\/futuros-empresarios-capacita-en-tecnologia-a-hijos-de-colaboradores-del-pivem\/#breadcrumb\"},\"inLanguage\":\"en-US\",\"potentialAction\":[{\"@type\":\"ReadAction\",\"target\":[\"https:\/\/zonafrancasantiago.com\/futuros-empresarios-capacita-en-tecnologia-a-hijos-de-colaboradores-del-pivem\/\"]}]},{\"@type\":\"ImageObject\",\"inLanguage\":\"en-US\",\"@id\":\"https:\/\/zonafrancasantiago.com\/futuros-empresarios-capacita-en-tecnologia-a-hijos-de-colaboradores-del-pivem\/#primaryimage\",\"url\":\"https:\/\/zonafrancasantiago.com\/wp-content\/uploads\/2019\/10\/CAF_6306-scaled.jpg\",\"contentUrl\":\"https:\/\/zonafrancasantiago.com\/wp-content\/uploads\/2019\/10\/CAF_6306-scaled.jpg\",\"width\":2560,\"height\":1708},{\"@type\":\"BreadcrumbList\",\"@id\":\"https:\/\/zonafrancasantiago.com\/futuros-empresarios-capacita-en-tecnologia-a-hijos-de-colaboradores-del-pivem\/#breadcrumb\",\"itemListElement\":[{\"@type\":\"ListItem\",\"position\":1,\"name\":\"Portada\",\"item\":\"https:\/\/zonafrancasantiago.com\/en\/\"},{\"@type\":\"ListItem\",\"position\":2,\"name\":\"\u201cFuturos Empresarios\u201d capacita en tecnolog\u00eda a hijos de colaboradores del PIVEM\"}]},{\"@type\":\"WebSite\",\"@id\":\"https:\/\/zonafrancasantiago.com\/#website\",\"url\":\"https:\/\/zonafrancasantiago.com\/\",\"name\":\"Corporaci\u00f3n Zona Franca Santiago\",\"description\":\"\",\"publisher\":{\"@id\":\"https:\/\/zonafrancasantiago.com\/#organization\"},\"potentialAction\":[{\"@type\":\"SearchAction\",\"target\":{\"@type\":\"EntryPoint\",\"urlTemplate\":\"https:\/\/zonafrancasantiago.com\/?s={search_term_string}\"},\"query-input\":{\"@type\":\"PropertyValueSpecification\",\"valueRequired\":true,\"valueName\":\"search_term_string\"}}],\"inLanguage\":\"en-US\"},{\"@type\":\"Organization\",\"@id\":\"https:\/\/zonafrancasantiago.com\/#organization\",\"name\":\"Corporaci\u00f3n Zona Franca Santiago\",\"url\":\"https:\/\/zonafrancasantiago.com\/\",\"logo\":{\"@type\":\"ImageObject\",\"inLanguage\":\"en-US\",\"@id\":\"https:\/\/zonafrancasantiago.com\/#\/schema\/logo\/image\/\",\"url\":\"https:\/\/zonafrancasantiago.com\/wp-content\/uploads\/2024\/04\/zonafranca-logo.png\",\"contentUrl\":\"https:\/\/zonafrancasantiago.com\/wp-content\/uploads\/2024\/04\/zonafranca-logo.png\",\"width\":245,\"height\":84,\"caption\":\"Corporaci\u00f3n Zona Franca Santiago\"},\"image\":{\"@id\":\"https:\/\/zonafrancasantiago.com\/#\/schema\/logo\/image\/\"},\"sameAs\":[\"https:\/\/www.facebook.com\/CZFSantiago\",\"https:\/\/x.com\/czfsantiagord\",\"https:\/\/www.instagram.com\/czfsantiago\/\",\"https:\/\/www.linkedin.com\/company\/corporacin-zona-franca-santiago\/\",\"https:\/\/www.youtube.com\/@CZFSantiago\"]},{\"@type\":\"Person\",\"@id\":\"https:\/\/zonafrancasantiago.com\/#\/schema\/person\/231fdb0cbe334af0f09f36c18b373b97\",\"name\":\"victor\",\"image\":{\"@type\":\"ImageObject\",\"inLanguage\":\"en-US\",\"@id\":\"https:\/\/zonafrancasantiago.com\/#\/schema\/person\/image\/\",\"url\":\"https:\/\/secure.gravatar.com\/avatar\/1ff4cc1d3cbe810ce69a34f5e275a40730288eb7c1925f7841092e6857ccba93?s=96&d=mm&r=g\",\"contentUrl\":\"https:\/\/secure.gravatar.com\/avatar\/1ff4cc1d3cbe810ce69a34f5e275a40730288eb7c1925f7841092e6857ccba93?s=96&d=mm&r=g\",\"caption\":\"victor\"},\"url\":\"https:\/\/zonafrancasantiago.com\/en\/author\/victor\/\"}]}<\/script>\n<!-- \/ Yoast SEO plugin. -->","yoast_head_json":{"title":"\u201cFuturos Empresarios\u201d capacita en tecnolog\u00eda a hijos de colaboradores del PIVEM - Corporaci\u00f3n Zona Franca Santiago","robots":{"index":"index","follow":"follow","max-snippet":"max-snippet:-1","max-image-preview":"max-image-preview:large","max-video-preview":"max-video-preview:-1"},"canonical":"https:\/\/zonafrancasantiago.com\/futuros-empresarios-capacita-en-tecnologia-a-hijos-de-colaboradores-del-pivem\/","og_locale":"en_US","og_type":"article","og_title":"\u201cFuturos Empresarios\u201d capacita en tecnolog\u00eda a hijos de colaboradores del PIVEM - Corporaci\u00f3n Zona Franca Santiago","og_description":"En Capex, Centro de Innovaci\u00f3n y Capacitaci\u00f3n Profesional, se graduaron m\u00e1s de 160 j\u00f3venes, hijos de los colaboradores del PIVEM (Parque Industrial V\u00edctor Espaillat Mera), quienes egresaron de la versi\u00f3n 2019 del programa \u201cDesarrollo Tecnol\u00f3gico. Futuros Empresarios\u201d. Este a\u00f1o, las 30 horas de capacitaci\u00f3n fueron dedicadas a \u201cIntroducci\u00f3n a la Programaci\u00f3n Python\u201d, dise\u00f1ada para estimular [&hellip;]","og_url":"https:\/\/zonafrancasantiago.com\/futuros-empresarios-capacita-en-tecnologia-a-hijos-de-colaboradores-del-pivem\/","og_site_name":"Corporaci\u00f3n Zona Franca Santiago","article_publisher":"https:\/\/www.facebook.com\/CZFSantiago","article_published_time":"2019-08-05T14:37:06+00:00","og_image":[{"width":2560,"height":1708,"url":"https:\/\/zonafrancasantiago.com\/wp-content\/uploads\/2019\/10\/CAF_6306-scaled.jpg","type":"image\/jpeg"}],"author":"victor","twitter_card":"summary_large_image","twitter_creator":"@czfsantiagord","twitter_site":"@czfsantiagord","twitter_misc":{"Written by":"victor","Est. reading time":"2 minutes"},"schema":{"@context":"https:\/\/schema.org","@graph":[{"@type":"Article","@id":"https:\/\/zonafrancasantiago.com\/futuros-empresarios-capacita-en-tecnologia-a-hijos-de-colaboradores-del-pivem\/#article","isPartOf":{"@id":"https:\/\/zonafrancasantiago.com\/futuros-empresarios-capacita-en-tecnologia-a-hijos-de-colaboradores-del-pivem\/"},"author":{"name":"victor","@id":"https:\/\/zonafrancasantiago.com\/#\/schema\/person\/231fdb0cbe334af0f09f36c18b373b97"},"headline":"\u201cFuturos Empresarios\u201d capacita en tecnolog\u00eda a hijos de colaboradores del PIVEM","datePublished":"2019-08-05T14:37:06+00:00","mainEntityOfPage":{"@id":"https:\/\/zonafrancasantiago.com\/futuros-empresarios-capacita-en-tecnologia-a-hijos-de-colaboradores-del-pivem\/"},"wordCount":393,"commentCount":0,"publisher":{"@id":"https:\/\/zonafrancasantiago.com\/#organization"},"image":{"@id":"https:\/\/zonafrancasantiago.com\/futuros-empresarios-capacita-en-tecnologia-a-hijos-de-colaboradores-del-pivem\/#primaryimage"},"thumbnailUrl":"https:\/\/zonafrancasantiago.com\/wp-content\/uploads\/2019\/10\/CAF_6306-scaled.jpg","articleSection":["Sin categorizar"],"inLanguage":"en-US","potentialAction":[{"@type":"CommentAction","name":"Comment","target":["https:\/\/zonafrancasantiago.com\/futuros-empresarios-capacita-en-tecnologia-a-hijos-de-colaboradores-del-pivem\/#respond"]}]},{"@type":"WebPage","@id":"https:\/\/zonafrancasantiago.com\/futuros-empresarios-capacita-en-tecnologia-a-hijos-de-colaboradores-del-pivem\/","url":"https:\/\/zonafrancasantiago.com\/futuros-empresarios-capacita-en-tecnologia-a-hijos-de-colaboradores-del-pivem\/","name":"\u201cFuturos Empresarios\u201d capacita en tecnolog\u00eda a hijos de colaboradores del PIVEM - Corporaci\u00f3n Zona Franca Santiago","isPartOf":{"@id":"https:\/\/zonafrancasantiago.com\/#website"},"primaryImageOfPage":{"@id":"https:\/\/zonafrancasantiago.com\/futuros-empresarios-capacita-en-tecnologia-a-hijos-de-colaboradores-del-pivem\/#primaryimage"},"image":{"@id":"https:\/\/zonafrancasantiago.com\/futuros-empresarios-capacita-en-tecnologia-a-hijos-de-colaboradores-del-pivem\/#primaryimage"},"thumbnailUrl":"https:\/\/zonafrancasantiago.com\/wp-content\/uploads\/2019\/10\/CAF_6306-scaled.jpg","datePublished":"2019-08-05T14:37:06+00:00","breadcrumb":{"@id":"https:\/\/zonafrancasantiago.com\/futuros-empresarios-capacita-en-tecnologia-a-hijos-de-colaboradores-del-pivem\/#breadcrumb"},"inLanguage":"en-US","potentialAction":[{"@type":"ReadAction","target":["https:\/\/zonafrancasantiago.com\/futuros-empresarios-capacita-en-tecnologia-a-hijos-de-colaboradores-del-pivem\/"]}]},{"@type":"ImageObject","inLanguage":"en-US","@id":"https:\/\/zonafrancasantiago.com\/futuros-empresarios-capacita-en-tecnologia-a-hijos-de-colaboradores-del-pivem\/#primaryimage","url":"https:\/\/zonafrancasantiago.com\/wp-content\/uploads\/2019\/10\/CAF_6306-scaled.jpg","contentUrl":"https:\/\/zonafrancasantiago.com\/wp-content\/uploads\/2019\/10\/CAF_6306-scaled.jpg","width":2560,"height":1708},{"@type":"BreadcrumbList","@id":"https:\/\/zonafrancasantiago.com\/futuros-empresarios-capacita-en-tecnologia-a-hijos-de-colaboradores-del-pivem\/#breadcrumb","itemListElement":[{"@type":"ListItem","position":1,"name":"Portada","item":"https:\/\/zonafrancasantiago.com\/en\/"},{"@type":"ListItem","position":2,"name":"\u201cFuturos Empresarios\u201d capacita en tecnolog\u00eda a hijos de colaboradores del PIVEM"}]},{"@type":"WebSite","@id":"https:\/\/zonafrancasantiago.com\/#website","url":"https:\/\/zonafrancasantiago.com\/","name":"Corporaci\u00f3n Zona Franca Santiago","description":"","publisher":{"@id":"https:\/\/zonafrancasantiago.com\/#organization"},"potentialAction":[{"@type":"SearchAction","target":{"@type":"EntryPoint","urlTemplate":"https:\/\/zonafrancasantiago.com\/?s={search_term_string}"},"query-input":{"@type":"PropertyValueSpecification","valueRequired":true,"valueName":"search_term_string"}}],"inLanguage":"en-US"},{"@type":"Organization","@id":"https:\/\/zonafrancasantiago.com\/#organization","name":"Corporaci\u00f3n Zona Franca Santiago","url":"https:\/\/zonafrancasantiago.com\/","logo":{"@type":"ImageObject","inLanguage":"en-US","@id":"https:\/\/zonafrancasantiago.com\/#\/schema\/logo\/image\/","url":"https:\/\/zonafrancasantiago.com\/wp-content\/uploads\/2024\/04\/zonafranca-logo.png","contentUrl":"https:\/\/zonafrancasantiago.com\/wp-content\/uploads\/2024\/04\/zonafranca-logo.png","width":245,"height":84,"caption":"Corporaci\u00f3n Zona Franca Santiago"},"image":{"@id":"https:\/\/zonafrancasantiago.com\/#\/schema\/logo\/image\/"},"sameAs":["https:\/\/www.facebook.com\/CZFSantiago","https:\/\/x.com\/czfsantiagord","https:\/\/www.instagram.com\/czfsantiago\/","https:\/\/www.linkedin.com\/company\/corporacin-zona-franca-santiago\/","https:\/\/www.youtube.com\/@CZFSantiago"]},{"@type":"Person","@id":"https:\/\/zonafrancasantiago.com\/#\/schema\/person\/231fdb0cbe334af0f09f36c18b373b97","name":"victor","image":{"@type":"ImageObject","inLanguage":"en-US","@id":"https:\/\/zonafrancasantiago.com\/#\/schema\/person\/image\/","url":"https:\/\/secure.gravatar.com\/avatar\/1ff4cc1d3cbe810ce69a34f5e275a40730288eb7c1925f7841092e6857ccba93?s=96&d=mm&r=g","contentUrl":"https:\/\/secure.gravatar.com\/avatar\/1ff4cc1d3cbe810ce69a34f5e275a40730288eb7c1925f7841092e6857ccba93?s=96&d=mm&r=g","caption":"victor"},"url":"https:\/\/zonafrancasantiago.com\/en\/author\/victor\/"}]}},"_links":{"self":[{"href":"https:\/\/zonafrancasantiago.com\/en\/wp-json\/wp\/v2\/posts\/2172","targetHints":{"allow":["GET"]}}],"collection":[{"href":"https:\/\/zonafrancasantiago.com\/en\/wp-json\/wp\/v2\/posts"}],"about":[{"href":"https:\/\/zonafrancasantiago.com\/en\/wp-json\/wp\/v2\/types\/post"}],"author":[{"embeddable":true,"href":"https:\/\/zonafrancasantiago.com\/en\/wp-json\/wp\/v2\/users\/8"}],"replies":[{"embeddable":true,"href":"https:\/\/zonafrancasantiago.com\/en\/wp-json\/wp\/v2\/comments?post=2172"}],"version-history":[{"count":0,"href":"https:\/\/zonafrancasantiago.com\/en\/wp-json\/wp\/v2\/posts\/2172\/revisions"}],"wp:featuredmedia":[{"embeddable":true,"href":"https:\/\/zonafrancasantiago.com\/en\/wp-json\/wp\/v2\/media\/2173"}],"wp:attachment":[{"href":"https:\/\/zonafrancasantiago.com\/en\/wp-json\/wp\/v2\/media?parent=2172"}],"wp:term":[{"taxonomy":"category","embeddable":true,"href":"https:\/\/zonafrancasantiago.com\/en\/wp-json\/wp\/v2\/categories?post=2172"},{"taxonomy":"post_tag","embeddable":true,"href":"https:\/\/zonafrancasantiago.com\/en\/wp-json\/wp\/v2\/tags?post=2172"}],"curies":[{"name":"wp","href":"https:\/\/api.w.org\/{rel}","templated":true}]}}