{"id":21809,"date":"2025-05-23T21:54:34","date_gmt":"2025-05-23T19:54:34","guid":{"rendered":"https:\/\/zonafrancasantiago.com\/?p=21809"},"modified":"2025-05-24T13:30:51","modified_gmt":"2025-05-24T11:30:51","slug":"la-czfs-recibe-la-medalla-de-honor-al-merito-empresarial-otorgada-por-la-camara-de-comercio-y-produccion-de-santiago","status":"publish","type":"post","link":"https:\/\/zonafrancasantiago.com\/en\/la-czfs-recibe-la-medalla-de-honor-al-merito-empresarial-otorgada-por-la-camara-de-comercio-y-produccion-de-santiago\/","title":{"rendered":"La CZFS recibe la Medalla de Honor al M\u00e9rito Empresarial otorgada por la C\u00e1mara de Comercio y Producci\u00f3n de Santiago"},"content":{"rendered":"<p>La Corporaci\u00f3n Zona Franca Santiago (CZFS) ha sido distinguida con la Medalla de Honor al M\u00e9rito Empresarial, el m\u00e1s alto reconocimiento que otorga la C\u00e1mara de Comercio y Producci\u00f3n de Santiago a empresas e instituciones que se destacan por su contribuci\u00f3n ejemplar al desarrollo econ\u00f3mico, social y empresarial de la regi\u00f3n.<\/p>\n<p>La entrega del galard\u00f3n se realizar\u00e1 en el marco de los Consejos Directivos AICO 2025 (Asociaci\u00f3n Iberoamericana de C\u00e1maras de Comercio) y CIAC 2025 (Comisi\u00f3n Interamericana de Arbitraje Comercial), eventos que por primera vez se celebran en la ciudad de Santiago y que reunir\u00e1n a l\u00edderes empresariales y representantes institucionales de toda Iberoam\u00e9rica.<\/p>\n<p>La CZFS recibe esta distinci\u00f3n como testimonio a su trayectoria de m\u00e1s de cinco d\u00e9cadas promoviendo la inversi\u00f3n, el empleo formal, la sostenibilidad y la competitividad productiva del pa\u00eds, desde el Parque Industrial V\u00edctor Espaillat Mera (PIVEM), consolidado como uno de los ecosistemas industriales m\u00e1s din\u00e1micos de Am\u00e9rica Latina y el Caribe.<\/p>\n<p>\u201cEste reconocimiento nos honra profundamente y reafirma nuestro compromiso de seguir transformando vidas, creando oportunidades de prosperidad y proyectando a Santiago como una meca empresarial con visi\u00f3n de futuro\u201d, expres\u00f3 Miguel Lama Rodr\u00edguez, presidente de la CZFS.<\/p>\n<p>La Medalla de Honor al M\u00e9rito Empresarial resalta no solo el impacto econ\u00f3mico de la instituci\u00f3n, sino tambi\u00e9n su reconocida integridad, liderazgo institucional y aporte sostenido a la promoci\u00f3n de una cultura empresarial comprometida con el desarrollo sostenible y la dignidad humana.<\/p>\n","protected":false},"excerpt":{"rendered":"<p>La CZFS recibe esta distinci\u00f3n como testimonio a su trayectoria de m\u00e1s de cinco d\u00e9cadas promoviendo la inversi\u00f3n, el empleo formal, la sostenibilidad y la competitividad productiva del pa\u00eds.<\/p>\n","protected":false},"author":7,"featured_media":21810,"comment_status":"open","ping_status":"open","sticky":false,"template":"","format":"standard","meta":{"footnotes":""},"categories":[15],"tags":[],"class_list":["post-21809","post","type-post","status-publish","format-standard","has-post-thumbnail","hentry","category-noticias"],"yoast_head":"<!-- This site is optimized with the Yoast SEO plugin v25.7 - https:\/\/yoast.com\/wordpress\/plugins\/seo\/ -->\n<title>La CZFS recibe la Medalla de Honor al M\u00e9rito Empresarial otorgada por la C\u00e1mara de Comercio y Producci\u00f3n de Santiago - Corporaci\u00f3n Zona Franca Santiago %<\/title>\n<meta name=\"robots\" content=\"index, follow, max-snippet:-1, max-image-preview:large, max-video-preview:-1\" \/>\n<link rel=\"canonical\" href=\"https:\/\/zonafrancasantiago.com\/la-czfs-recibe-la-medalla-de-honor-al-merito-empresarial-otorgada-por-la-camara-de-comercio-y-produccion-de-santiago\/\" \/>\n<meta property=\"og:locale\" content=\"en_US\" \/>\n<meta property=\"og:type\" content=\"article\" \/>\n<meta property=\"og:title\" content=\"La CZFS recibe la Medalla de Honor al M\u00e9rito Empresarial otorgada por la C\u00e1mara de Comercio y Producci\u00f3n de Santiago - Corporaci\u00f3n Zona Franca Santiago %\" \/>\n<meta property=\"og:description\" content=\"La CZFS recibe esta distinci\u00f3n como testimonio a su trayectoria de m\u00e1s de cinco d\u00e9cadas promoviendo la inversi\u00f3n, el empleo formal, la sostenibilidad y la competitividad productiva del pa\u00eds.\" \/>\n<meta property=\"og:url\" content=\"https:\/\/zonafrancasantiago.com\/la-czfs-recibe-la-medalla-de-honor-al-merito-empresarial-otorgada-por-la-camara-de-comercio-y-produccion-de-santiago\/\" \/>\n<meta property=\"og:site_name\" content=\"Corporaci\u00f3n Zona Franca Santiago\" \/>\n<meta property=\"article:publisher\" content=\"https:\/\/www.facebook.com\/CZFSantiago\" \/>\n<meta property=\"article:published_time\" content=\"2025-05-23T19:54:34+00:00\" \/>\n<meta property=\"article:modified_time\" content=\"2025-05-24T11:30:51+00:00\" \/>\n<meta property=\"og:image\" content=\"https:\/\/zonafrancasantiago.com\/wp-content\/uploads\/2025\/05\/IMG_52121-scaled.jpg\" \/>\n\t<meta property=\"og:image:width\" content=\"2560\" \/>\n\t<meta property=\"og:image:height\" content=\"1707\" \/>\n\t<meta property=\"og:image:type\" content=\"image\/jpeg\" \/>\n<meta name=\"author\" content=\"yalmanzar\" \/>\n<meta name=\"twitter:card\" content=\"summary_large_image\" \/>\n<meta name=\"twitter:creator\" content=\"@czfsantiagord\" \/>\n<meta name=\"twitter:site\" content=\"@czfsantiagord\" \/>\n<meta name=\"twitter:label1\" content=\"Written by\" \/>\n\t<meta name=\"twitter:data1\" content=\"yalmanzar\" \/>\n\t<meta name=\"twitter:label2\" content=\"Est. reading time\" \/>\n\t<meta name=\"twitter:data2\" content=\"2 minutes\" \/>\n<script type=\"application\/ld+json\" class=\"yoast-schema-graph\">{\"@context\":\"https:\/\/schema.org\",\"@graph\":[{\"@type\":\"Article\",\"@id\":\"https:\/\/zonafrancasantiago.com\/la-czfs-recibe-la-medalla-de-honor-al-merito-empresarial-otorgada-por-la-camara-de-comercio-y-produccion-de-santiago\/#article\",\"isPartOf\":{\"@id\":\"https:\/\/zonafrancasantiago.com\/la-czfs-recibe-la-medalla-de-honor-al-merito-empresarial-otorgada-por-la-camara-de-comercio-y-produccion-de-santiago\/\"},\"author\":{\"name\":\"yalmanzar\",\"@id\":\"https:\/\/zonafrancasantiago.com\/#\/schema\/person\/fb1bb3e0b3799fcac8e090d1d85b831c\"},\"headline\":\"La CZFS recibe la Medalla de Honor al M\u00e9rito Empresarial otorgada por la C\u00e1mara de Comercio y Producci\u00f3n de Santiago\",\"datePublished\":\"2025-05-23T19:54:34+00:00\",\"dateModified\":\"2025-05-24T11:30:51+00:00\",\"mainEntityOfPage\":{\"@id\":\"https:\/\/zonafrancasantiago.com\/la-czfs-recibe-la-medalla-de-honor-al-merito-empresarial-otorgada-por-la-camara-de-comercio-y-produccion-de-santiago\/\"},\"wordCount\":287,\"commentCount\":0,\"publisher\":{\"@id\":\"https:\/\/zonafrancasantiago.com\/#organization\"},\"image\":{\"@id\":\"https:\/\/zonafrancasantiago.com\/la-czfs-recibe-la-medalla-de-honor-al-merito-empresarial-otorgada-por-la-camara-de-comercio-y-produccion-de-santiago\/#primaryimage\"},\"thumbnailUrl\":\"https:\/\/zonafrancasantiago.com\/wp-content\/uploads\/2025\/05\/IMG_52121-scaled.jpg\",\"articleSection\":[\"Noticias\"],\"inLanguage\":\"en-US\",\"potentialAction\":[{\"@type\":\"CommentAction\",\"name\":\"Comment\",\"target\":[\"https:\/\/zonafrancasantiago.com\/la-czfs-recibe-la-medalla-de-honor-al-merito-empresarial-otorgada-por-la-camara-de-comercio-y-produccion-de-santiago\/#respond\"]}]},{\"@type\":\"WebPage\",\"@id\":\"https:\/\/zonafrancasantiago.com\/la-czfs-recibe-la-medalla-de-honor-al-merito-empresarial-otorgada-por-la-camara-de-comercio-y-produccion-de-santiago\/\",\"url\":\"https:\/\/zonafrancasantiago.com\/la-czfs-recibe-la-medalla-de-honor-al-merito-empresarial-otorgada-por-la-camara-de-comercio-y-produccion-de-santiago\/\",\"name\":\"La CZFS recibe la Medalla de Honor al M\u00e9rito Empresarial otorgada por la C\u00e1mara de Comercio y Producci\u00f3n de Santiago - Corporaci\u00f3n Zona Franca Santiago %\",\"isPartOf\":{\"@id\":\"https:\/\/zonafrancasantiago.com\/#website\"},\"primaryImageOfPage\":{\"@id\":\"https:\/\/zonafrancasantiago.com\/la-czfs-recibe-la-medalla-de-honor-al-merito-empresarial-otorgada-por-la-camara-de-comercio-y-produccion-de-santiago\/#primaryimage\"},\"image\":{\"@id\":\"https:\/\/zonafrancasantiago.com\/la-czfs-recibe-la-medalla-de-honor-al-merito-empresarial-otorgada-por-la-camara-de-comercio-y-produccion-de-santiago\/#primaryimage\"},\"thumbnailUrl\":\"https:\/\/zonafrancasantiago.com\/wp-content\/uploads\/2025\/05\/IMG_52121-scaled.jpg\",\"datePublished\":\"2025-05-23T19:54:34+00:00\",\"dateModified\":\"2025-05-24T11:30:51+00:00\",\"breadcrumb\":{\"@id\":\"https:\/\/zonafrancasantiago.com\/la-czfs-recibe-la-medalla-de-honor-al-merito-empresarial-otorgada-por-la-camara-de-comercio-y-produccion-de-santiago\/#breadcrumb\"},\"inLanguage\":\"en-US\",\"potentialAction\":[{\"@type\":\"ReadAction\",\"target\":[\"https:\/\/zonafrancasantiago.com\/la-czfs-recibe-la-medalla-de-honor-al-merito-empresarial-otorgada-por-la-camara-de-comercio-y-produccion-de-santiago\/\"]}]},{\"@type\":\"ImageObject\",\"inLanguage\":\"en-US\",\"@id\":\"https:\/\/zonafrancasantiago.com\/la-czfs-recibe-la-medalla-de-honor-al-merito-empresarial-otorgada-por-la-camara-de-comercio-y-produccion-de-santiago\/#primaryimage\",\"url\":\"https:\/\/zonafrancasantiago.com\/wp-content\/uploads\/2025\/05\/IMG_52121-scaled.jpg\",\"contentUrl\":\"https:\/\/zonafrancasantiago.com\/wp-content\/uploads\/2025\/05\/IMG_52121-scaled.jpg\",\"width\":2560,\"height\":1707},{\"@type\":\"BreadcrumbList\",\"@id\":\"https:\/\/zonafrancasantiago.com\/la-czfs-recibe-la-medalla-de-honor-al-merito-empresarial-otorgada-por-la-camara-de-comercio-y-produccion-de-santiago\/#breadcrumb\",\"itemListElement\":[{\"@type\":\"ListItem\",\"position\":1,\"name\":\"Portada\",\"item\":\"https:\/\/zonafrancasantiago.com\/en\/\"},{\"@type\":\"ListItem\",\"position\":2,\"name\":\"La CZFS recibe la Medalla de Honor al M\u00e9rito Empresarial otorgada por la C\u00e1mara de Comercio y Producci\u00f3n de Santiago\"}]},{\"@type\":\"WebSite\",\"@id\":\"https:\/\/zonafrancasantiago.com\/#website\",\"url\":\"https:\/\/zonafrancasantiago.com\/\",\"name\":\"Corporaci\u00f3n Zona Franca Santiago\",\"description\":\"\",\"publisher\":{\"@id\":\"https:\/\/zonafrancasantiago.com\/#organization\"},\"potentialAction\":[{\"@type\":\"SearchAction\",\"target\":{\"@type\":\"EntryPoint\",\"urlTemplate\":\"https:\/\/zonafrancasantiago.com\/?s={search_term_string}\"},\"query-input\":{\"@type\":\"PropertyValueSpecification\",\"valueRequired\":true,\"valueName\":\"search_term_string\"}}],\"inLanguage\":\"en-US\"},{\"@type\":\"Organization\",\"@id\":\"https:\/\/zonafrancasantiago.com\/#organization\",\"name\":\"Corporaci\u00f3n Zona Franca Santiago\",\"url\":\"https:\/\/zonafrancasantiago.com\/\",\"logo\":{\"@type\":\"ImageObject\",\"inLanguage\":\"en-US\",\"@id\":\"https:\/\/zonafrancasantiago.com\/#\/schema\/logo\/image\/\",\"url\":\"https:\/\/zonafrancasantiago.com\/wp-content\/uploads\/2024\/04\/zonafranca-logo.png\",\"contentUrl\":\"https:\/\/zonafrancasantiago.com\/wp-content\/uploads\/2024\/04\/zonafranca-logo.png\",\"width\":245,\"height\":84,\"caption\":\"Corporaci\u00f3n Zona Franca Santiago\"},\"image\":{\"@id\":\"https:\/\/zonafrancasantiago.com\/#\/schema\/logo\/image\/\"},\"sameAs\":[\"https:\/\/www.facebook.com\/CZFSantiago\",\"https:\/\/x.com\/czfsantiagord\",\"https:\/\/www.instagram.com\/czfsantiago\/\",\"https:\/\/www.linkedin.com\/company\/corporacin-zona-franca-santiago\/\",\"https:\/\/www.youtube.com\/@CZFSantiago\"]},{\"@type\":\"Person\",\"@id\":\"https:\/\/zonafrancasantiago.com\/#\/schema\/person\/fb1bb3e0b3799fcac8e090d1d85b831c\",\"name\":\"yalmanzar\",\"image\":{\"@type\":\"ImageObject\",\"inLanguage\":\"en-US\",\"@id\":\"https:\/\/zonafrancasantiago.com\/#\/schema\/person\/image\/\",\"url\":\"https:\/\/secure.gravatar.com\/avatar\/7345e0b640e5ae1a6d0ec1239ec90cc49cc37d3128963ef7f84ead79e4e05aa5?s=96&d=mm&r=g\",\"contentUrl\":\"https:\/\/secure.gravatar.com\/avatar\/7345e0b640e5ae1a6d0ec1239ec90cc49cc37d3128963ef7f84ead79e4e05aa5?s=96&d=mm&r=g\",\"caption\":\"yalmanzar\"},\"url\":\"https:\/\/zonafrancasantiago.com\/en\/author\/yalmanzar\/\"}]}<\/script>\n<!-- \/ Yoast SEO plugin. -->","yoast_head_json":{"title":"La CZFS recibe la Medalla de Honor al M\u00e9rito Empresarial otorgada por la C\u00e1mara de Comercio y Producci\u00f3n de Santiago - Corporaci\u00f3n Zona Franca Santiago %","robots":{"index":"index","follow":"follow","max-snippet":"max-snippet:-1","max-image-preview":"max-image-preview:large","max-video-preview":"max-video-preview:-1"},"canonical":"https:\/\/zonafrancasantiago.com\/la-czfs-recibe-la-medalla-de-honor-al-merito-empresarial-otorgada-por-la-camara-de-comercio-y-produccion-de-santiago\/","og_locale":"en_US","og_type":"article","og_title":"La CZFS recibe la Medalla de Honor al M\u00e9rito Empresarial otorgada por la C\u00e1mara de Comercio y Producci\u00f3n de Santiago - Corporaci\u00f3n Zona Franca Santiago %","og_description":"La CZFS recibe esta distinci\u00f3n como testimonio a su trayectoria de m\u00e1s de cinco d\u00e9cadas promoviendo la inversi\u00f3n, el empleo formal, la sostenibilidad y la competitividad productiva del pa\u00eds.","og_url":"https:\/\/zonafrancasantiago.com\/la-czfs-recibe-la-medalla-de-honor-al-merito-empresarial-otorgada-por-la-camara-de-comercio-y-produccion-de-santiago\/","og_site_name":"Corporaci\u00f3n Zona Franca Santiago","article_publisher":"https:\/\/www.facebook.com\/CZFSantiago","article_published_time":"2025-05-23T19:54:34+00:00","article_modified_time":"2025-05-24T11:30:51+00:00","og_image":[{"width":2560,"height":1707,"url":"https:\/\/zonafrancasantiago.com\/wp-content\/uploads\/2025\/05\/IMG_52121-scaled.jpg","type":"image\/jpeg"}],"author":"yalmanzar","twitter_card":"summary_large_image","twitter_creator":"@czfsantiagord","twitter_site":"@czfsantiagord","twitter_misc":{"Written by":"yalmanzar","Est. reading time":"2 minutes"},"schema":{"@context":"https:\/\/schema.org","@graph":[{"@type":"Article","@id":"https:\/\/zonafrancasantiago.com\/la-czfs-recibe-la-medalla-de-honor-al-merito-empresarial-otorgada-por-la-camara-de-comercio-y-produccion-de-santiago\/#article","isPartOf":{"@id":"https:\/\/zonafrancasantiago.com\/la-czfs-recibe-la-medalla-de-honor-al-merito-empresarial-otorgada-por-la-camara-de-comercio-y-produccion-de-santiago\/"},"author":{"name":"yalmanzar","@id":"https:\/\/zonafrancasantiago.com\/#\/schema\/person\/fb1bb3e0b3799fcac8e090d1d85b831c"},"headline":"La CZFS recibe la Medalla de Honor al M\u00e9rito Empresarial otorgada por la C\u00e1mara de Comercio y Producci\u00f3n de Santiago","datePublished":"2025-05-23T19:54:34+00:00","dateModified":"2025-05-24T11:30:51+00:00","mainEntityOfPage":{"@id":"https:\/\/zonafrancasantiago.com\/la-czfs-recibe-la-medalla-de-honor-al-merito-empresarial-otorgada-por-la-camara-de-comercio-y-produccion-de-santiago\/"},"wordCount":287,"commentCount":0,"publisher":{"@id":"https:\/\/zonafrancasantiago.com\/#organization"},"image":{"@id":"https:\/\/zonafrancasantiago.com\/la-czfs-recibe-la-medalla-de-honor-al-merito-empresarial-otorgada-por-la-camara-de-comercio-y-produccion-de-santiago\/#primaryimage"},"thumbnailUrl":"https:\/\/zonafrancasantiago.com\/wp-content\/uploads\/2025\/05\/IMG_52121-scaled.jpg","articleSection":["Noticias"],"inLanguage":"en-US","potentialAction":[{"@type":"CommentAction","name":"Comment","target":["https:\/\/zonafrancasantiago.com\/la-czfs-recibe-la-medalla-de-honor-al-merito-empresarial-otorgada-por-la-camara-de-comercio-y-produccion-de-santiago\/#respond"]}]},{"@type":"WebPage","@id":"https:\/\/zonafrancasantiago.com\/la-czfs-recibe-la-medalla-de-honor-al-merito-empresarial-otorgada-por-la-camara-de-comercio-y-produccion-de-santiago\/","url":"https:\/\/zonafrancasantiago.com\/la-czfs-recibe-la-medalla-de-honor-al-merito-empresarial-otorgada-por-la-camara-de-comercio-y-produccion-de-santiago\/","name":"La CZFS recibe la Medalla de Honor al M\u00e9rito Empresarial otorgada por la C\u00e1mara de Comercio y Producci\u00f3n de Santiago - Corporaci\u00f3n Zona Franca Santiago %","isPartOf":{"@id":"https:\/\/zonafrancasantiago.com\/#website"},"primaryImageOfPage":{"@id":"https:\/\/zonafrancasantiago.com\/la-czfs-recibe-la-medalla-de-honor-al-merito-empresarial-otorgada-por-la-camara-de-comercio-y-produccion-de-santiago\/#primaryimage"},"image":{"@id":"https:\/\/zonafrancasantiago.com\/la-czfs-recibe-la-medalla-de-honor-al-merito-empresarial-otorgada-por-la-camara-de-comercio-y-produccion-de-santiago\/#primaryimage"},"thumbnailUrl":"https:\/\/zonafrancasantiago.com\/wp-content\/uploads\/2025\/05\/IMG_52121-scaled.jpg","datePublished":"2025-05-23T19:54:34+00:00","dateModified":"2025-05-24T11:30:51+00:00","breadcrumb":{"@id":"https:\/\/zonafrancasantiago.com\/la-czfs-recibe-la-medalla-de-honor-al-merito-empresarial-otorgada-por-la-camara-de-comercio-y-produccion-de-santiago\/#breadcrumb"},"inLanguage":"en-US","potentialAction":[{"@type":"ReadAction","target":["https:\/\/zonafrancasantiago.com\/la-czfs-recibe-la-medalla-de-honor-al-merito-empresarial-otorgada-por-la-camara-de-comercio-y-produccion-de-santiago\/"]}]},{"@type":"ImageObject","inLanguage":"en-US","@id":"https:\/\/zonafrancasantiago.com\/la-czfs-recibe-la-medalla-de-honor-al-merito-empresarial-otorgada-por-la-camara-de-comercio-y-produccion-de-santiago\/#primaryimage","url":"https:\/\/zonafrancasantiago.com\/wp-content\/uploads\/2025\/05\/IMG_52121-scaled.jpg","contentUrl":"https:\/\/zonafrancasantiago.com\/wp-content\/uploads\/2025\/05\/IMG_52121-scaled.jpg","width":2560,"height":1707},{"@type":"BreadcrumbList","@id":"https:\/\/zonafrancasantiago.com\/la-czfs-recibe-la-medalla-de-honor-al-merito-empresarial-otorgada-por-la-camara-de-comercio-y-produccion-de-santiago\/#breadcrumb","itemListElement":[{"@type":"ListItem","position":1,"name":"Portada","item":"https:\/\/zonafrancasantiago.com\/en\/"},{"@type":"ListItem","position":2,"name":"La CZFS recibe la Medalla de Honor al M\u00e9rito Empresarial otorgada por la C\u00e1mara de Comercio y Producci\u00f3n de Santiago"}]},{"@type":"WebSite","@id":"https:\/\/zonafrancasantiago.com\/#website","url":"https:\/\/zonafrancasantiago.com\/","name":"Corporaci\u00f3n Zona Franca Santiago","description":"","publisher":{"@id":"https:\/\/zonafrancasantiago.com\/#organization"},"potentialAction":[{"@type":"SearchAction","target":{"@type":"EntryPoint","urlTemplate":"https:\/\/zonafrancasantiago.com\/?s={search_term_string}"},"query-input":{"@type":"PropertyValueSpecification","valueRequired":true,"valueName":"search_term_string"}}],"inLanguage":"en-US"},{"@type":"Organization","@id":"https:\/\/zonafrancasantiago.com\/#organization","name":"Corporaci\u00f3n Zona Franca Santiago","url":"https:\/\/zonafrancasantiago.com\/","logo":{"@type":"ImageObject","inLanguage":"en-US","@id":"https:\/\/zonafrancasantiago.com\/#\/schema\/logo\/image\/","url":"https:\/\/zonafrancasantiago.com\/wp-content\/uploads\/2024\/04\/zonafranca-logo.png","contentUrl":"https:\/\/zonafrancasantiago.com\/wp-content\/uploads\/2024\/04\/zonafranca-logo.png","width":245,"height":84,"caption":"Corporaci\u00f3n Zona Franca Santiago"},"image":{"@id":"https:\/\/zonafrancasantiago.com\/#\/schema\/logo\/image\/"},"sameAs":["https:\/\/www.facebook.com\/CZFSantiago","https:\/\/x.com\/czfsantiagord","https:\/\/www.instagram.com\/czfsantiago\/","https:\/\/www.linkedin.com\/company\/corporacin-zona-franca-santiago\/","https:\/\/www.youtube.com\/@CZFSantiago"]},{"@type":"Person","@id":"https:\/\/zonafrancasantiago.com\/#\/schema\/person\/fb1bb3e0b3799fcac8e090d1d85b831c","name":"yalmanzar","image":{"@type":"ImageObject","inLanguage":"en-US","@id":"https:\/\/zonafrancasantiago.com\/#\/schema\/person\/image\/","url":"https:\/\/secure.gravatar.com\/avatar\/7345e0b640e5ae1a6d0ec1239ec90cc49cc37d3128963ef7f84ead79e4e05aa5?s=96&d=mm&r=g","contentUrl":"https:\/\/secure.gravatar.com\/avatar\/7345e0b640e5ae1a6d0ec1239ec90cc49cc37d3128963ef7f84ead79e4e05aa5?s=96&d=mm&r=g","caption":"yalmanzar"},"url":"https:\/\/zonafrancasantiago.com\/en\/author\/yalmanzar\/"}]}},"_links":{"self":[{"href":"https:\/\/zonafrancasantiago.com\/en\/wp-json\/wp\/v2\/posts\/21809","targetHints":{"allow":["GET"]}}],"collection":[{"href":"https:\/\/zonafrancasantiago.com\/en\/wp-json\/wp\/v2\/posts"}],"about":[{"href":"https:\/\/zonafrancasantiago.com\/en\/wp-json\/wp\/v2\/types\/post"}],"author":[{"embeddable":true,"href":"https:\/\/zonafrancasantiago.com\/en\/wp-json\/wp\/v2\/users\/7"}],"replies":[{"embeddable":true,"href":"https:\/\/zonafrancasantiago.com\/en\/wp-json\/wp\/v2\/comments?post=21809"}],"version-history":[{"count":4,"href":"https:\/\/zonafrancasantiago.com\/en\/wp-json\/wp\/v2\/posts\/21809\/revisions"}],"predecessor-version":[{"id":21816,"href":"https:\/\/zonafrancasantiago.com\/en\/wp-json\/wp\/v2\/posts\/21809\/revisions\/21816"}],"wp:featuredmedia":[{"embeddable":true,"href":"https:\/\/zonafrancasantiago.com\/en\/wp-json\/wp\/v2\/media\/21810"}],"wp:attachment":[{"href":"https:\/\/zonafrancasantiago.com\/en\/wp-json\/wp\/v2\/media?parent=21809"}],"wp:term":[{"taxonomy":"category","embeddable":true,"href":"https:\/\/zonafrancasantiago.com\/en\/wp-json\/wp\/v2\/categories?post=21809"},{"taxonomy":"post_tag","embeddable":true,"href":"https:\/\/zonafrancasantiago.com\/en\/wp-json\/wp\/v2\/tags?post=21809"}],"curies":[{"name":"wp","href":"https:\/\/api.w.org\/{rel}","templated":true}]}}