{"id":21835,"date":"2025-05-30T21:34:27","date_gmt":"2025-05-30T19:34:27","guid":{"rendered":"https:\/\/zonafrancasantiago.com\/?p=21835"},"modified":"2025-05-30T21:34:27","modified_gmt":"2025-05-30T19:34:27","slug":"destacan-a-nivel-internacional-la-contribucion-economica-de-la-czfs","status":"publish","type":"post","link":"https:\/\/zonafrancasantiago.com\/en\/destacan-a-nivel-internacional-la-contribucion-economica-de-la-czfs\/","title":{"rendered":"Destacan a Nivel Internacional la Contribuci\u00f3n Econ\u00f3mica de la CZFS"},"content":{"rendered":"<p style=\"text-align: left;\"><strong>Santiago de los Caballeros. \u2013Mayo 2025.-<\/strong> Concluyendo la celebraci\u00f3n de sus primeras cinco d\u00e9cadas de trayectoria, la Corporaci\u00f3n Zona Franca Santiago (CZFS) recibi\u00f3 tres premios internacionales que destacan su liderazgo empresarial, impulso al desarrollo sostenible y su contribuci\u00f3n econ\u00f3mica nacional. Los galardones fueron otorgados por Capital Finance International (CFI.co), revista de econom\u00eda y finanzas, con sede en Londres, enfocada en dar cobertura y analizar factores que impulsen el cambio.<\/p>\n<p style=\"text-align: left;\">La CZFS fue premiada en tres renglones: Mejor Zona Franca Industrial ESG de Am\u00e9rica Latina y el Caribe 2025; Campe\u00f3n en Inversi\u00f3n Extranjera y Competitividad Empresarial en la Rep\u00fablica Dominicana 2025; y Sobresaliente Contribuci\u00f3n a la Econom\u00eda Dominicana 2025. El presidente de la Corporaci\u00f3n, Miguel Lama Rodr\u00edguez, agradeci\u00f3 a la prestigiosa plataforma internacional por considerar la labor de la instituci\u00f3n. A su juicio, \u00a0estos reconocimientos \u00a0renuevan el compromiso que han asumido con el desarrollo del pa\u00eds y de la regi\u00f3n Norte, siendo un pilar importante de la econom\u00eda y consolidando su liderazgo como zona franca industrial.<\/p>\n<p style=\"text-align: left;\"><strong>Sobre los premios:<\/strong><\/p>\n<p style=\"text-align: left;\">&#8220;Mejor Zona Franca Industrial ESG de Am\u00e9rica Latina y el Caribe 2025&#8221;, es una distinci\u00f3n por la labor de la CZFS con las pr\u00e1cticas ambientales, sociales y de gobernanza (ESG). El panel de jueces de CFI.co resalt\u00f3 adem\u00e1s, la infraestructura ecol\u00f3gica, integraci\u00f3n tecnol\u00f3gica avanzada, enfoque en la econom\u00eda circular, as\u00ed como su compromiso social integral hacia la educaci\u00f3n, el desarrollo laboral y el crecimiento comunitario sostenible.<\/p>\n<p style=\"text-align: left;\">En torno a &#8220;Campe\u00f3n en Inversi\u00f3n Extranjera y Competitividad Empresarial en Rep\u00fablica Dominicana 2025&#8221;, revela su capacidad de atraer inversiones extranjeras y ofrecer una plataforma estable, segura y eficiente para el crecimiento empresarial.<\/p>\n<p style=\"text-align: left;\">Y sobre el premio: &#8220;Sobresaliente Contribuci\u00f3n a la Econom\u00eda Dominicana 2025&#8221;, aprecia su contribuci\u00f3n a la generaci\u00f3n de empleos, lo que significa un impulso a las exportaciones nacionales.<\/p>\n<p style=\"text-align: left;\"><strong>Sobre la Corporaci\u00f3n <\/strong><\/p>\n<p style=\"text-align: left;\">En abril del a\u00f1o 1974 la Corporaci\u00f3n naci\u00f3 como una semilla de esperanza para mejorar el empleo desde un espacio distante de la ciudad de Santiago. Los desaf\u00edos de ayer se transformaron en una de las historias m\u00e1s inspiradoras, al ser la CZFS un modelo, generador de empleos, oportunidades y atracci\u00f3n de inversiones globales<\/p>\n<p style=\"text-align: left;\">Actualmente la entidad cimenta el Santiago Business City para actividades productivas, log\u00edsticas, industriales y corporativas; un Hub Educativo para apoyar el empleo y la atracci\u00f3n de inversiones, formando profesionales altamente capacitados.<\/p>\n<p style=\"text-align: left;\">En la capital del Cibao, donde se concentra el 40% de las empresas de zonas francas del pa\u00eds y el 80 por ciento de campus industriales, la Corporaci\u00f3n ha desarrollado una infraestructura moderna que promueve la internacionalizaci\u00f3n de productos dominicanos, desde el Parque Industrial V\u00edctor Espaillat Mera (PIVEM).<\/p>\n<p style=\"text-align: left;\">\n<p style=\"text-align: left;\">\n","protected":false},"excerpt":{"rendered":"<p>Concluyendo la celebraci\u00f3n de sus primeras cinco d\u00e9cadas de trayectoria, la Corporaci\u00f3n Zona Franca Santiago (CZFS) recibi\u00f3 tres premios internacionales que destacan su liderazgo empresarial, impulso al desarrollo sostenible y su contribuci\u00f3n econ\u00f3mica nacional. <\/p>\n","protected":false},"author":7,"featured_media":21832,"comment_status":"open","ping_status":"open","sticky":false,"template":"","format":"standard","meta":{"footnotes":""},"categories":[15],"tags":[],"class_list":["post-21835","post","type-post","status-publish","format-standard","has-post-thumbnail","hentry","category-noticias"],"yoast_head":"<!-- This site is optimized with the Yoast SEO plugin v25.7 - https:\/\/yoast.com\/wordpress\/plugins\/seo\/ -->\n<title>Destacan a Nivel Internacional la Contribuci\u00f3n Econ\u00f3mica de la CZFS - Corporaci\u00f3n Zona Franca Santiago<\/title>\n<meta name=\"robots\" content=\"index, follow, max-snippet:-1, max-image-preview:large, max-video-preview:-1\" \/>\n<link rel=\"canonical\" href=\"https:\/\/zonafrancasantiago.com\/destacan-a-nivel-internacional-la-contribucion-economica-de-la-czfs\/\" \/>\n<meta property=\"og:locale\" content=\"en_US\" \/>\n<meta property=\"og:type\" content=\"article\" \/>\n<meta property=\"og:title\" content=\"Destacan a Nivel Internacional la Contribuci\u00f3n Econ\u00f3mica de la CZFS - Corporaci\u00f3n Zona Franca Santiago\" \/>\n<meta property=\"og:description\" content=\"Concluyendo la celebraci\u00f3n de sus primeras cinco d\u00e9cadas de trayectoria, la Corporaci\u00f3n Zona Franca Santiago (CZFS) recibi\u00f3 tres premios internacionales que destacan su liderazgo empresarial, impulso al desarrollo sostenible y su contribuci\u00f3n econ\u00f3mica nacional.\" \/>\n<meta property=\"og:url\" content=\"https:\/\/zonafrancasantiago.com\/destacan-a-nivel-internacional-la-contribucion-economica-de-la-czfs\/\" \/>\n<meta property=\"og:site_name\" content=\"Corporaci\u00f3n Zona Franca Santiago\" \/>\n<meta property=\"article:publisher\" content=\"https:\/\/www.facebook.com\/CZFSantiago\" \/>\n<meta property=\"article:published_time\" content=\"2025-05-30T19:34:27+00:00\" \/>\n<meta property=\"og:image\" content=\"https:\/\/zonafrancasantiago.com\/wp-content\/uploads\/2025\/05\/CFI-2025-scaled.jpg\" \/>\n\t<meta property=\"og:image:width\" content=\"2560\" \/>\n\t<meta property=\"og:image:height\" content=\"1707\" \/>\n\t<meta property=\"og:image:type\" content=\"image\/jpeg\" \/>\n<meta name=\"author\" content=\"yalmanzar\" \/>\n<meta name=\"twitter:card\" content=\"summary_large_image\" \/>\n<meta name=\"twitter:creator\" content=\"@czfsantiagord\" \/>\n<meta name=\"twitter:site\" content=\"@czfsantiagord\" \/>\n<meta name=\"twitter:label1\" content=\"Written by\" \/>\n\t<meta name=\"twitter:data1\" content=\"yalmanzar\" \/>\n<script type=\"application\/ld+json\" class=\"yoast-schema-graph\">{\"@context\":\"https:\/\/schema.org\",\"@graph\":[{\"@type\":\"Article\",\"@id\":\"https:\/\/zonafrancasantiago.com\/destacan-a-nivel-internacional-la-contribucion-economica-de-la-czfs\/#article\",\"isPartOf\":{\"@id\":\"https:\/\/zonafrancasantiago.com\/destacan-a-nivel-internacional-la-contribucion-economica-de-la-czfs\/\"},\"author\":{\"name\":\"yalmanzar\",\"@id\":\"https:\/\/zonafrancasantiago.com\/#\/schema\/person\/fb1bb3e0b3799fcac8e090d1d85b831c\"},\"headline\":\"Destacan a Nivel Internacional la Contribuci\u00f3n Econ\u00f3mica de la CZFS\",\"datePublished\":\"2025-05-30T19:34:27+00:00\",\"mainEntityOfPage\":{\"@id\":\"https:\/\/zonafrancasantiago.com\/destacan-a-nivel-internacional-la-contribucion-economica-de-la-czfs\/\"},\"wordCount\":482,\"commentCount\":0,\"publisher\":{\"@id\":\"https:\/\/zonafrancasantiago.com\/#organization\"},\"image\":{\"@id\":\"https:\/\/zonafrancasantiago.com\/destacan-a-nivel-internacional-la-contribucion-economica-de-la-czfs\/#primaryimage\"},\"thumbnailUrl\":\"https:\/\/zonafrancasantiago.com\/wp-content\/uploads\/2025\/05\/CFI-2025-scaled.jpg\",\"articleSection\":[\"Noticias\"],\"inLanguage\":\"en-US\",\"potentialAction\":[{\"@type\":\"CommentAction\",\"name\":\"Comment\",\"target\":[\"https:\/\/zonafrancasantiago.com\/destacan-a-nivel-internacional-la-contribucion-economica-de-la-czfs\/#respond\"]}]},{\"@type\":\"WebPage\",\"@id\":\"https:\/\/zonafrancasantiago.com\/destacan-a-nivel-internacional-la-contribucion-economica-de-la-czfs\/\",\"url\":\"https:\/\/zonafrancasantiago.com\/destacan-a-nivel-internacional-la-contribucion-economica-de-la-czfs\/\",\"name\":\"Destacan a Nivel Internacional la Contribuci\u00f3n Econ\u00f3mica de la CZFS - Corporaci\u00f3n Zona Franca Santiago\",\"isPartOf\":{\"@id\":\"https:\/\/zonafrancasantiago.com\/#website\"},\"primaryImageOfPage\":{\"@id\":\"https:\/\/zonafrancasantiago.com\/destacan-a-nivel-internacional-la-contribucion-economica-de-la-czfs\/#primaryimage\"},\"image\":{\"@id\":\"https:\/\/zonafrancasantiago.com\/destacan-a-nivel-internacional-la-contribucion-economica-de-la-czfs\/#primaryimage\"},\"thumbnailUrl\":\"https:\/\/zonafrancasantiago.com\/wp-content\/uploads\/2025\/05\/CFI-2025-scaled.jpg\",\"datePublished\":\"2025-05-30T19:34:27+00:00\",\"breadcrumb\":{\"@id\":\"https:\/\/zonafrancasantiago.com\/destacan-a-nivel-internacional-la-contribucion-economica-de-la-czfs\/#breadcrumb\"},\"inLanguage\":\"en-US\",\"potentialAction\":[{\"@type\":\"ReadAction\",\"target\":[\"https:\/\/zonafrancasantiago.com\/destacan-a-nivel-internacional-la-contribucion-economica-de-la-czfs\/\"]}]},{\"@type\":\"ImageObject\",\"inLanguage\":\"en-US\",\"@id\":\"https:\/\/zonafrancasantiago.com\/destacan-a-nivel-internacional-la-contribucion-economica-de-la-czfs\/#primaryimage\",\"url\":\"https:\/\/zonafrancasantiago.com\/wp-content\/uploads\/2025\/05\/CFI-2025-scaled.jpg\",\"contentUrl\":\"https:\/\/zonafrancasantiago.com\/wp-content\/uploads\/2025\/05\/CFI-2025-scaled.jpg\",\"width\":2560,\"height\":1707},{\"@type\":\"BreadcrumbList\",\"@id\":\"https:\/\/zonafrancasantiago.com\/destacan-a-nivel-internacional-la-contribucion-economica-de-la-czfs\/#breadcrumb\",\"itemListElement\":[{\"@type\":\"ListItem\",\"position\":1,\"name\":\"Portada\",\"item\":\"https:\/\/zonafrancasantiago.com\/en\/\"},{\"@type\":\"ListItem\",\"position\":2,\"name\":\"Destacan a Nivel Internacional la Contribuci\u00f3n Econ\u00f3mica de la CZFS\"}]},{\"@type\":\"WebSite\",\"@id\":\"https:\/\/zonafrancasantiago.com\/#website\",\"url\":\"https:\/\/zonafrancasantiago.com\/\",\"name\":\"Corporaci\u00f3n Zona Franca Santiago\",\"description\":\"\",\"publisher\":{\"@id\":\"https:\/\/zonafrancasantiago.com\/#organization\"},\"potentialAction\":[{\"@type\":\"SearchAction\",\"target\":{\"@type\":\"EntryPoint\",\"urlTemplate\":\"https:\/\/zonafrancasantiago.com\/?s={search_term_string}\"},\"query-input\":{\"@type\":\"PropertyValueSpecification\",\"valueRequired\":true,\"valueName\":\"search_term_string\"}}],\"inLanguage\":\"en-US\"},{\"@type\":\"Organization\",\"@id\":\"https:\/\/zonafrancasantiago.com\/#organization\",\"name\":\"Corporaci\u00f3n Zona Franca Santiago\",\"url\":\"https:\/\/zonafrancasantiago.com\/\",\"logo\":{\"@type\":\"ImageObject\",\"inLanguage\":\"en-US\",\"@id\":\"https:\/\/zonafrancasantiago.com\/#\/schema\/logo\/image\/\",\"url\":\"https:\/\/zonafrancasantiago.com\/wp-content\/uploads\/2024\/04\/zonafranca-logo.png\",\"contentUrl\":\"https:\/\/zonafrancasantiago.com\/wp-content\/uploads\/2024\/04\/zonafranca-logo.png\",\"width\":245,\"height\":84,\"caption\":\"Corporaci\u00f3n Zona Franca Santiago\"},\"image\":{\"@id\":\"https:\/\/zonafrancasantiago.com\/#\/schema\/logo\/image\/\"},\"sameAs\":[\"https:\/\/www.facebook.com\/CZFSantiago\",\"https:\/\/x.com\/czfsantiagord\",\"https:\/\/www.instagram.com\/czfsantiago\/\",\"https:\/\/www.linkedin.com\/company\/corporacin-zona-franca-santiago\/\",\"https:\/\/www.youtube.com\/@CZFSantiago\"]},{\"@type\":\"Person\",\"@id\":\"https:\/\/zonafrancasantiago.com\/#\/schema\/person\/fb1bb3e0b3799fcac8e090d1d85b831c\",\"name\":\"yalmanzar\",\"image\":{\"@type\":\"ImageObject\",\"inLanguage\":\"en-US\",\"@id\":\"https:\/\/zonafrancasantiago.com\/#\/schema\/person\/image\/\",\"url\":\"https:\/\/secure.gravatar.com\/avatar\/7345e0b640e5ae1a6d0ec1239ec90cc49cc37d3128963ef7f84ead79e4e05aa5?s=96&d=mm&r=g\",\"contentUrl\":\"https:\/\/secure.gravatar.com\/avatar\/7345e0b640e5ae1a6d0ec1239ec90cc49cc37d3128963ef7f84ead79e4e05aa5?s=96&d=mm&r=g\",\"caption\":\"yalmanzar\"},\"url\":\"https:\/\/zonafrancasantiago.com\/en\/author\/yalmanzar\/\"}]}<\/script>\n<!-- \/ Yoast SEO plugin. -->","yoast_head_json":{"title":"Destacan a Nivel Internacional la Contribuci\u00f3n Econ\u00f3mica de la CZFS - Corporaci\u00f3n Zona Franca Santiago","robots":{"index":"index","follow":"follow","max-snippet":"max-snippet:-1","max-image-preview":"max-image-preview:large","max-video-preview":"max-video-preview:-1"},"canonical":"https:\/\/zonafrancasantiago.com\/destacan-a-nivel-internacional-la-contribucion-economica-de-la-czfs\/","og_locale":"en_US","og_type":"article","og_title":"Destacan a Nivel Internacional la Contribuci\u00f3n Econ\u00f3mica de la CZFS - Corporaci\u00f3n Zona Franca Santiago","og_description":"Concluyendo la celebraci\u00f3n de sus primeras cinco d\u00e9cadas de trayectoria, la Corporaci\u00f3n Zona Franca Santiago (CZFS) recibi\u00f3 tres premios internacionales que destacan su liderazgo empresarial, impulso al desarrollo sostenible y su contribuci\u00f3n econ\u00f3mica nacional.","og_url":"https:\/\/zonafrancasantiago.com\/destacan-a-nivel-internacional-la-contribucion-economica-de-la-czfs\/","og_site_name":"Corporaci\u00f3n Zona Franca Santiago","article_publisher":"https:\/\/www.facebook.com\/CZFSantiago","article_published_time":"2025-05-30T19:34:27+00:00","og_image":[{"width":2560,"height":1707,"url":"https:\/\/zonafrancasantiago.com\/wp-content\/uploads\/2025\/05\/CFI-2025-scaled.jpg","type":"image\/jpeg"}],"author":"yalmanzar","twitter_card":"summary_large_image","twitter_creator":"@czfsantiagord","twitter_site":"@czfsantiagord","twitter_misc":{"Written by":"yalmanzar"},"schema":{"@context":"https:\/\/schema.org","@graph":[{"@type":"Article","@id":"https:\/\/zonafrancasantiago.com\/destacan-a-nivel-internacional-la-contribucion-economica-de-la-czfs\/#article","isPartOf":{"@id":"https:\/\/zonafrancasantiago.com\/destacan-a-nivel-internacional-la-contribucion-economica-de-la-czfs\/"},"author":{"name":"yalmanzar","@id":"https:\/\/zonafrancasantiago.com\/#\/schema\/person\/fb1bb3e0b3799fcac8e090d1d85b831c"},"headline":"Destacan a Nivel Internacional la Contribuci\u00f3n Econ\u00f3mica de la CZFS","datePublished":"2025-05-30T19:34:27+00:00","mainEntityOfPage":{"@id":"https:\/\/zonafrancasantiago.com\/destacan-a-nivel-internacional-la-contribucion-economica-de-la-czfs\/"},"wordCount":482,"commentCount":0,"publisher":{"@id":"https:\/\/zonafrancasantiago.com\/#organization"},"image":{"@id":"https:\/\/zonafrancasantiago.com\/destacan-a-nivel-internacional-la-contribucion-economica-de-la-czfs\/#primaryimage"},"thumbnailUrl":"https:\/\/zonafrancasantiago.com\/wp-content\/uploads\/2025\/05\/CFI-2025-scaled.jpg","articleSection":["Noticias"],"inLanguage":"en-US","potentialAction":[{"@type":"CommentAction","name":"Comment","target":["https:\/\/zonafrancasantiago.com\/destacan-a-nivel-internacional-la-contribucion-economica-de-la-czfs\/#respond"]}]},{"@type":"WebPage","@id":"https:\/\/zonafrancasantiago.com\/destacan-a-nivel-internacional-la-contribucion-economica-de-la-czfs\/","url":"https:\/\/zonafrancasantiago.com\/destacan-a-nivel-internacional-la-contribucion-economica-de-la-czfs\/","name":"Destacan a Nivel Internacional la Contribuci\u00f3n Econ\u00f3mica de la CZFS - Corporaci\u00f3n Zona Franca Santiago","isPartOf":{"@id":"https:\/\/zonafrancasantiago.com\/#website"},"primaryImageOfPage":{"@id":"https:\/\/zonafrancasantiago.com\/destacan-a-nivel-internacional-la-contribucion-economica-de-la-czfs\/#primaryimage"},"image":{"@id":"https:\/\/zonafrancasantiago.com\/destacan-a-nivel-internacional-la-contribucion-economica-de-la-czfs\/#primaryimage"},"thumbnailUrl":"https:\/\/zonafrancasantiago.com\/wp-content\/uploads\/2025\/05\/CFI-2025-scaled.jpg","datePublished":"2025-05-30T19:34:27+00:00","breadcrumb":{"@id":"https:\/\/zonafrancasantiago.com\/destacan-a-nivel-internacional-la-contribucion-economica-de-la-czfs\/#breadcrumb"},"inLanguage":"en-US","potentialAction":[{"@type":"ReadAction","target":["https:\/\/zonafrancasantiago.com\/destacan-a-nivel-internacional-la-contribucion-economica-de-la-czfs\/"]}]},{"@type":"ImageObject","inLanguage":"en-US","@id":"https:\/\/zonafrancasantiago.com\/destacan-a-nivel-internacional-la-contribucion-economica-de-la-czfs\/#primaryimage","url":"https:\/\/zonafrancasantiago.com\/wp-content\/uploads\/2025\/05\/CFI-2025-scaled.jpg","contentUrl":"https:\/\/zonafrancasantiago.com\/wp-content\/uploads\/2025\/05\/CFI-2025-scaled.jpg","width":2560,"height":1707},{"@type":"BreadcrumbList","@id":"https:\/\/zonafrancasantiago.com\/destacan-a-nivel-internacional-la-contribucion-economica-de-la-czfs\/#breadcrumb","itemListElement":[{"@type":"ListItem","position":1,"name":"Portada","item":"https:\/\/zonafrancasantiago.com\/en\/"},{"@type":"ListItem","position":2,"name":"Destacan a Nivel Internacional la Contribuci\u00f3n Econ\u00f3mica de la CZFS"}]},{"@type":"WebSite","@id":"https:\/\/zonafrancasantiago.com\/#website","url":"https:\/\/zonafrancasantiago.com\/","name":"Corporaci\u00f3n Zona Franca Santiago","description":"","publisher":{"@id":"https:\/\/zonafrancasantiago.com\/#organization"},"potentialAction":[{"@type":"SearchAction","target":{"@type":"EntryPoint","urlTemplate":"https:\/\/zonafrancasantiago.com\/?s={search_term_string}"},"query-input":{"@type":"PropertyValueSpecification","valueRequired":true,"valueName":"search_term_string"}}],"inLanguage":"en-US"},{"@type":"Organization","@id":"https:\/\/zonafrancasantiago.com\/#organization","name":"Corporaci\u00f3n Zona Franca Santiago","url":"https:\/\/zonafrancasantiago.com\/","logo":{"@type":"ImageObject","inLanguage":"en-US","@id":"https:\/\/zonafrancasantiago.com\/#\/schema\/logo\/image\/","url":"https:\/\/zonafrancasantiago.com\/wp-content\/uploads\/2024\/04\/zonafranca-logo.png","contentUrl":"https:\/\/zonafrancasantiago.com\/wp-content\/uploads\/2024\/04\/zonafranca-logo.png","width":245,"height":84,"caption":"Corporaci\u00f3n Zona Franca Santiago"},"image":{"@id":"https:\/\/zonafrancasantiago.com\/#\/schema\/logo\/image\/"},"sameAs":["https:\/\/www.facebook.com\/CZFSantiago","https:\/\/x.com\/czfsantiagord","https:\/\/www.instagram.com\/czfsantiago\/","https:\/\/www.linkedin.com\/company\/corporacin-zona-franca-santiago\/","https:\/\/www.youtube.com\/@CZFSantiago"]},{"@type":"Person","@id":"https:\/\/zonafrancasantiago.com\/#\/schema\/person\/fb1bb3e0b3799fcac8e090d1d85b831c","name":"yalmanzar","image":{"@type":"ImageObject","inLanguage":"en-US","@id":"https:\/\/zonafrancasantiago.com\/#\/schema\/person\/image\/","url":"https:\/\/secure.gravatar.com\/avatar\/7345e0b640e5ae1a6d0ec1239ec90cc49cc37d3128963ef7f84ead79e4e05aa5?s=96&d=mm&r=g","contentUrl":"https:\/\/secure.gravatar.com\/avatar\/7345e0b640e5ae1a6d0ec1239ec90cc49cc37d3128963ef7f84ead79e4e05aa5?s=96&d=mm&r=g","caption":"yalmanzar"},"url":"https:\/\/zonafrancasantiago.com\/en\/author\/yalmanzar\/"}]}},"_links":{"self":[{"href":"https:\/\/zonafrancasantiago.com\/en\/wp-json\/wp\/v2\/posts\/21835","targetHints":{"allow":["GET"]}}],"collection":[{"href":"https:\/\/zonafrancasantiago.com\/en\/wp-json\/wp\/v2\/posts"}],"about":[{"href":"https:\/\/zonafrancasantiago.com\/en\/wp-json\/wp\/v2\/types\/post"}],"author":[{"embeddable":true,"href":"https:\/\/zonafrancasantiago.com\/en\/wp-json\/wp\/v2\/users\/7"}],"replies":[{"embeddable":true,"href":"https:\/\/zonafrancasantiago.com\/en\/wp-json\/wp\/v2\/comments?post=21835"}],"version-history":[{"count":1,"href":"https:\/\/zonafrancasantiago.com\/en\/wp-json\/wp\/v2\/posts\/21835\/revisions"}],"predecessor-version":[{"id":21836,"href":"https:\/\/zonafrancasantiago.com\/en\/wp-json\/wp\/v2\/posts\/21835\/revisions\/21836"}],"wp:featuredmedia":[{"embeddable":true,"href":"https:\/\/zonafrancasantiago.com\/en\/wp-json\/wp\/v2\/media\/21832"}],"wp:attachment":[{"href":"https:\/\/zonafrancasantiago.com\/en\/wp-json\/wp\/v2\/media?parent=21835"}],"wp:term":[{"taxonomy":"category","embeddable":true,"href":"https:\/\/zonafrancasantiago.com\/en\/wp-json\/wp\/v2\/categories?post=21835"},{"taxonomy":"post_tag","embeddable":true,"href":"https:\/\/zonafrancasantiago.com\/en\/wp-json\/wp\/v2\/tags?post=21835"}],"curies":[{"name":"wp","href":"https:\/\/api.w.org\/{rel}","templated":true}]}}