{"id":21882,"date":"2025-09-23T23:13:50","date_gmt":"2025-09-23T21:13:50","guid":{"rendered":"https:\/\/zonafrancasantiago.com\/?p=21882"},"modified":"2025-09-23T23:13:50","modified_gmt":"2025-09-23T21:13:50","slug":"corporacion-zona-franca-santiago-presenta-la-undecima-edicion-de-su-campana-porque-te-quiero","status":"publish","type":"post","link":"https:\/\/zonafrancasantiago.com\/en\/corporacion-zona-franca-santiago-presenta-la-undecima-edicion-de-su-campana-porque-te-quiero\/","title":{"rendered":"Corporaci\u00f3n Zona Franca Santiago presenta la und\u00e9cima edici\u00f3n de su campa\u00f1a \u201cPorque Te Quiero\u201d"},"content":{"rendered":"<p><strong>Santiago de los Caballeros, R.D.<\/strong> Martes 22 de septiembre 2025\u2013 La Corporaci\u00f3n Zona Franca Santiago (CZFS) present\u00f3 la und\u00e9cima versi\u00f3n de su emblem\u00e1tica campa\u00f1a \u201cPorque Te Quiero\u201d durante el conversatorio \u201cCuidarnos Tambi\u00e9n es Hablarlo\u201d, que cont\u00f3 con la participaci\u00f3n del coach emocional, Santiago Morel, as\u00ed como de dos mujeres que han enfrentado el c\u00e1ncer de mama: Gendy Mu\u00f1oz y Joselyn S\u00e1nchez, quienes compartieron sus historias de vida con profunda emoci\u00f3n y valent\u00eda.<\/p>\n<p>En sus testimonios, Mu\u00f1oz y S\u00e1nchez, citaron la importancia de contar con una red de apoyo familiar y comunitario; la necesidad de respaldo econ\u00f3mico ante tratamientos costosos y el valor de la fe en el proceso. Desde su perspectiva, Santiago Morel recomend\u00f3 asumir el presente como un regalo, ejercitarse y bajarle a la prisa.<\/p>\n<p>La campa\u00f1a reafirma el compromiso con la salud y el bienestar de las mujeres que forman parte del Parque Industrial V\u00edctor Espaillat Mera (PIVEM) y su entorno.<\/p>\n<p>Durante su intervenci\u00f3n, la doctora Mercedes Carmen Capell\u00e1n, vicepresidenta de M\u0112DICA, destac\u00f3 el impacto que ha tenido esta campa\u00f1a a lo largo del tiempo, expresando que durante once a\u00f1os \u201cPorque Te Quiero\u201d ha tocado vidas, previniendo enfermedades y fortaleciendo v\u00ednculos dentro del gran ecosistema humano que es el Parque Industrial V\u00edctor Espaillat Mera (PIVEM).<\/p>\n<p>\u201cUno de los mayores logros ha sido cuidar no solo la salud de las colaboradoras, sino tambi\u00e9n la de sus familias, pues cuando una mujer se cuida, est\u00e1 protegiendo a sus hijos, a sus parejas y a sus comunidades\u201d, expres\u00f3 la doctora Capell\u00e1n.<\/p>\n<p>Este a\u00f1o, la campa\u00f1a se desarrollar\u00e1 durante un mes completo dentro del Parque, seguido de quince d\u00edas adicionales para la gesti\u00f3n de estudios m\u00e9dicos dirigidos a la poblaci\u00f3n externa, ampliando as\u00ed su alcance.<\/p>\n<p>Un punto destacado de esta edici\u00f3n es la disponibilidad, en M\u0112DICA, de la Resonancia de Mama, el equipo m\u00e1s avanzado en toda la regi\u00f3n Norte para estudios especializados, lo que consolida el compromiso con brindar diagn\u00f3sticos m\u00e1s precisos y oportunos.<\/p>\n<p><strong>Novedades para 2025<\/strong><\/p>\n<p>Mar\u00eda Fernanda Olivo, gerente de Gesti\u00f3n Humana de la CZFS, inform\u00f3 que este a\u00f1o incluyen una encuesta de servicio al personal beneficiado de los estudios m\u00e9dicos para analizar el porcentaje de participaci\u00f3n e incorporar posibles mejoras. Adem\u00e1s, se ha ampliado la participaci\u00f3n de nuevas mujeres entre contratistas, y suplidoras de la Corporaci\u00f3n.<\/p>\n<p>La campa\u00f1a \u201cPorque Te Quiero\u201d se ha consolidado como un modelo de Responsabilidad Social Empresarial con impacto real, transformando la manera en que se vive la prevenci\u00f3n de enfermedades dentro del entorno laboral y comunitario. Es una apuesta firme por la salud, la educaci\u00f3n m\u00e9dica, la tecnolog\u00eda de vanguardia y, sobre todo, por el valor de cada mujer.<\/p>\n<p>Durante estos 10 a\u00f1os de campa\u00f1a, se han realizado m\u00e1s de 18,500 estudios m\u00e9dicos y se han detectado 713 casos sospechosos de c\u00e1ncer de mama en categor\u00edas 4 y 5, lo que ha permitido intervenciones tempranas y acompa\u00f1amiento oportuno para las mujeres diagnosticadas.<\/p>\n<p>Son colaboradoras solidarias de \u201cPorque Te Quiero\u201d, las empresas: AFP Siembra, AFP Popular, ARS Futuro, ARS Asemap, ARS Meta Salud, ARS Monumental, AFP Crecer, ARS SeNaSa, ARS Primera, ARS Universal, Tadug, Ennova, Global B, Mera Fondeur, Cecomsa, A+E Publicidad, Mota Producciones, Blackbox, Alkifiesta, We Print, MAVS.<\/p>\n<p>&nbsp;<\/p>\n<p>&nbsp;<\/p>\n<p>&nbsp;<\/p>\n<p>&nbsp;<\/p>\n","protected":false},"excerpt":{"rendered":"<p>CZFS celebra la 11.\u00aa edici\u00f3n de \u201cPorque Te Quiero\u201d<\/p>\n<p>La Corporaci\u00f3n Zona Franca Santiago present\u00f3 la campa\u00f1a \u201cPorque Te Quiero\u201d, que por once a\u00f1os ha llevado prevenci\u00f3n, cuidado y esperanza a miles de mujeres del PIVEM y su comunidad.<\/p>\n<p>En esta nueva edici\u00f3n se suman m\u00e1s beneficios, como un mes completo de actividades, jornadas abiertas al p\u00fablico y la incorporaci\u00f3n de la Resonancia de Mama m\u00e1s avanzada de la regi\u00f3n Norte en M\u0112DICA.<\/p>\n<p>Con m\u00e1s de 18,500 estudios realizados y 713 vidas impactadas con diagn\u00f3sticos tempranos, la campa\u00f1a se consolida como un s\u00edmbolo de amor, salud y compromiso con cada mujer.<\/p>\n","protected":false},"author":7,"featured_media":21883,"comment_status":"open","ping_status":"open","sticky":false,"template":"","format":"standard","meta":{"footnotes":""},"categories":[15],"tags":[],"class_list":["post-21882","post","type-post","status-publish","format-standard","has-post-thumbnail","hentry","category-noticias"],"yoast_head":"<!-- This site is optimized with the Yoast SEO plugin v25.7 - https:\/\/yoast.com\/wordpress\/plugins\/seo\/ -->\n<title>Corporaci\u00f3n Zona Franca Santiago presenta la und\u00e9cima edici\u00f3n de su campa\u00f1a \u201cPorque Te Quiero\u201d - Corporaci\u00f3n Zona Franca Santiago<\/title>\n<meta name=\"robots\" content=\"index, follow, max-snippet:-1, max-image-preview:large, max-video-preview:-1\" \/>\n<link rel=\"canonical\" href=\"https:\/\/zonafrancasantiago.com\/corporacion-zona-franca-santiago-presenta-la-undecima-edicion-de-su-campana-porque-te-quiero\/\" \/>\n<meta property=\"og:locale\" content=\"en_US\" \/>\n<meta property=\"og:type\" content=\"article\" \/>\n<meta property=\"og:title\" content=\"Corporaci\u00f3n Zona Franca Santiago presenta la und\u00e9cima edici\u00f3n de su campa\u00f1a \u201cPorque Te Quiero\u201d - Corporaci\u00f3n Zona Franca Santiago\" \/>\n<meta property=\"og:description\" content=\"CZFS celebra la 11.\u00aa edici\u00f3n de \u201cPorque Te Quiero\u201d  La Corporaci\u00f3n Zona Franca Santiago present\u00f3 la campa\u00f1a \u201cPorque Te Quiero\u201d, que por once a\u00f1os ha llevado prevenci\u00f3n, cuidado y esperanza a miles de mujeres del PIVEM y su comunidad.  En esta nueva edici\u00f3n se suman m\u00e1s beneficios, como un mes completo de actividades, jornadas abiertas al p\u00fablico y la incorporaci\u00f3n de la Resonancia de Mama m\u00e1s avanzada de la regi\u00f3n Norte en M\u0112DICA.  Con m\u00e1s de 18,500 estudios realizados y 713 vidas impactadas con diagn\u00f3sticos tempranos, la campa\u00f1a se consolida como un s\u00edmbolo de amor, salud y compromiso con cada mujer.\" \/>\n<meta property=\"og:url\" content=\"https:\/\/zonafrancasantiago.com\/corporacion-zona-franca-santiago-presenta-la-undecima-edicion-de-su-campana-porque-te-quiero\/\" \/>\n<meta property=\"og:site_name\" content=\"Corporaci\u00f3n Zona Franca Santiago\" \/>\n<meta property=\"article:publisher\" content=\"https:\/\/www.facebook.com\/CZFSantiago\" \/>\n<meta property=\"article:published_time\" content=\"2025-09-23T21:13:50+00:00\" \/>\n<meta property=\"og:image\" content=\"https:\/\/zonafrancasantiago.com\/wp-content\/uploads\/2025\/09\/Fotografia-para-nota-de-Prensa-PQTQ-2025.jpg\" \/>\n\t<meta property=\"og:image:width\" content=\"2560\" \/>\n\t<meta property=\"og:image:height\" content=\"1706\" \/>\n\t<meta property=\"og:image:type\" content=\"image\/jpeg\" \/>\n<meta name=\"author\" content=\"yalmanzar\" \/>\n<meta name=\"twitter:card\" content=\"summary_large_image\" \/>\n<meta name=\"twitter:creator\" content=\"@czfsantiagord\" \/>\n<meta name=\"twitter:site\" content=\"@czfsantiagord\" \/>\n<meta name=\"twitter:label1\" content=\"Written by\" \/>\n\t<meta name=\"twitter:data1\" content=\"yalmanzar\" \/>\n\t<meta name=\"twitter:label2\" content=\"Est. reading time\" \/>\n\t<meta name=\"twitter:data2\" content=\"3 minutes\" \/>\n<script type=\"application\/ld+json\" class=\"yoast-schema-graph\">{\"@context\":\"https:\/\/schema.org\",\"@graph\":[{\"@type\":\"Article\",\"@id\":\"https:\/\/zonafrancasantiago.com\/corporacion-zona-franca-santiago-presenta-la-undecima-edicion-de-su-campana-porque-te-quiero\/#article\",\"isPartOf\":{\"@id\":\"https:\/\/zonafrancasantiago.com\/corporacion-zona-franca-santiago-presenta-la-undecima-edicion-de-su-campana-porque-te-quiero\/\"},\"author\":{\"name\":\"yalmanzar\",\"@id\":\"https:\/\/zonafrancasantiago.com\/#\/schema\/person\/fb1bb3e0b3799fcac8e090d1d85b831c\"},\"headline\":\"Corporaci\u00f3n Zona Franca Santiago presenta la und\u00e9cima edici\u00f3n de su campa\u00f1a \u201cPorque Te Quiero\u201d\",\"datePublished\":\"2025-09-23T21:13:50+00:00\",\"mainEntityOfPage\":{\"@id\":\"https:\/\/zonafrancasantiago.com\/corporacion-zona-franca-santiago-presenta-la-undecima-edicion-de-su-campana-porque-te-quiero\/\"},\"wordCount\":599,\"commentCount\":0,\"publisher\":{\"@id\":\"https:\/\/zonafrancasantiago.com\/#organization\"},\"image\":{\"@id\":\"https:\/\/zonafrancasantiago.com\/corporacion-zona-franca-santiago-presenta-la-undecima-edicion-de-su-campana-porque-te-quiero\/#primaryimage\"},\"thumbnailUrl\":\"https:\/\/zonafrancasantiago.com\/wp-content\/uploads\/2025\/09\/Fotografia-para-nota-de-Prensa-PQTQ-2025.jpg\",\"articleSection\":[\"Noticias\"],\"inLanguage\":\"en-US\",\"potentialAction\":[{\"@type\":\"CommentAction\",\"name\":\"Comment\",\"target\":[\"https:\/\/zonafrancasantiago.com\/corporacion-zona-franca-santiago-presenta-la-undecima-edicion-de-su-campana-porque-te-quiero\/#respond\"]}]},{\"@type\":\"WebPage\",\"@id\":\"https:\/\/zonafrancasantiago.com\/corporacion-zona-franca-santiago-presenta-la-undecima-edicion-de-su-campana-porque-te-quiero\/\",\"url\":\"https:\/\/zonafrancasantiago.com\/corporacion-zona-franca-santiago-presenta-la-undecima-edicion-de-su-campana-porque-te-quiero\/\",\"name\":\"Corporaci\u00f3n Zona Franca Santiago presenta la und\u00e9cima edici\u00f3n de su campa\u00f1a \u201cPorque Te Quiero\u201d - Corporaci\u00f3n Zona Franca Santiago\",\"isPartOf\":{\"@id\":\"https:\/\/zonafrancasantiago.com\/#website\"},\"primaryImageOfPage\":{\"@id\":\"https:\/\/zonafrancasantiago.com\/corporacion-zona-franca-santiago-presenta-la-undecima-edicion-de-su-campana-porque-te-quiero\/#primaryimage\"},\"image\":{\"@id\":\"https:\/\/zonafrancasantiago.com\/corporacion-zona-franca-santiago-presenta-la-undecima-edicion-de-su-campana-porque-te-quiero\/#primaryimage\"},\"thumbnailUrl\":\"https:\/\/zonafrancasantiago.com\/wp-content\/uploads\/2025\/09\/Fotografia-para-nota-de-Prensa-PQTQ-2025.jpg\",\"datePublished\":\"2025-09-23T21:13:50+00:00\",\"breadcrumb\":{\"@id\":\"https:\/\/zonafrancasantiago.com\/corporacion-zona-franca-santiago-presenta-la-undecima-edicion-de-su-campana-porque-te-quiero\/#breadcrumb\"},\"inLanguage\":\"en-US\",\"potentialAction\":[{\"@type\":\"ReadAction\",\"target\":[\"https:\/\/zonafrancasantiago.com\/corporacion-zona-franca-santiago-presenta-la-undecima-edicion-de-su-campana-porque-te-quiero\/\"]}]},{\"@type\":\"ImageObject\",\"inLanguage\":\"en-US\",\"@id\":\"https:\/\/zonafrancasantiago.com\/corporacion-zona-franca-santiago-presenta-la-undecima-edicion-de-su-campana-porque-te-quiero\/#primaryimage\",\"url\":\"https:\/\/zonafrancasantiago.com\/wp-content\/uploads\/2025\/09\/Fotografia-para-nota-de-Prensa-PQTQ-2025.jpg\",\"contentUrl\":\"https:\/\/zonafrancasantiago.com\/wp-content\/uploads\/2025\/09\/Fotografia-para-nota-de-Prensa-PQTQ-2025.jpg\",\"width\":2560,\"height\":1706},{\"@type\":\"BreadcrumbList\",\"@id\":\"https:\/\/zonafrancasantiago.com\/corporacion-zona-franca-santiago-presenta-la-undecima-edicion-de-su-campana-porque-te-quiero\/#breadcrumb\",\"itemListElement\":[{\"@type\":\"ListItem\",\"position\":1,\"name\":\"Portada\",\"item\":\"https:\/\/zonafrancasantiago.com\/en\/\"},{\"@type\":\"ListItem\",\"position\":2,\"name\":\"Corporaci\u00f3n Zona Franca Santiago presenta la und\u00e9cima edici\u00f3n de su campa\u00f1a \u201cPorque Te Quiero\u201d\"}]},{\"@type\":\"WebSite\",\"@id\":\"https:\/\/zonafrancasantiago.com\/#website\",\"url\":\"https:\/\/zonafrancasantiago.com\/\",\"name\":\"Corporaci\u00f3n Zona Franca Santiago\",\"description\":\"\",\"publisher\":{\"@id\":\"https:\/\/zonafrancasantiago.com\/#organization\"},\"potentialAction\":[{\"@type\":\"SearchAction\",\"target\":{\"@type\":\"EntryPoint\",\"urlTemplate\":\"https:\/\/zonafrancasantiago.com\/?s={search_term_string}\"},\"query-input\":{\"@type\":\"PropertyValueSpecification\",\"valueRequired\":true,\"valueName\":\"search_term_string\"}}],\"inLanguage\":\"en-US\"},{\"@type\":\"Organization\",\"@id\":\"https:\/\/zonafrancasantiago.com\/#organization\",\"name\":\"Corporaci\u00f3n Zona Franca Santiago\",\"url\":\"https:\/\/zonafrancasantiago.com\/\",\"logo\":{\"@type\":\"ImageObject\",\"inLanguage\":\"en-US\",\"@id\":\"https:\/\/zonafrancasantiago.com\/#\/schema\/logo\/image\/\",\"url\":\"https:\/\/zonafrancasantiago.com\/wp-content\/uploads\/2024\/04\/zonafranca-logo.png\",\"contentUrl\":\"https:\/\/zonafrancasantiago.com\/wp-content\/uploads\/2024\/04\/zonafranca-logo.png\",\"width\":245,\"height\":84,\"caption\":\"Corporaci\u00f3n Zona Franca Santiago\"},\"image\":{\"@id\":\"https:\/\/zonafrancasantiago.com\/#\/schema\/logo\/image\/\"},\"sameAs\":[\"https:\/\/www.facebook.com\/CZFSantiago\",\"https:\/\/x.com\/czfsantiagord\",\"https:\/\/www.instagram.com\/czfsantiago\/\",\"https:\/\/www.linkedin.com\/company\/corporacin-zona-franca-santiago\/\",\"https:\/\/www.youtube.com\/@CZFSantiago\"]},{\"@type\":\"Person\",\"@id\":\"https:\/\/zonafrancasantiago.com\/#\/schema\/person\/fb1bb3e0b3799fcac8e090d1d85b831c\",\"name\":\"yalmanzar\",\"image\":{\"@type\":\"ImageObject\",\"inLanguage\":\"en-US\",\"@id\":\"https:\/\/zonafrancasantiago.com\/#\/schema\/person\/image\/\",\"url\":\"https:\/\/secure.gravatar.com\/avatar\/7345e0b640e5ae1a6d0ec1239ec90cc49cc37d3128963ef7f84ead79e4e05aa5?s=96&d=mm&r=g\",\"contentUrl\":\"https:\/\/secure.gravatar.com\/avatar\/7345e0b640e5ae1a6d0ec1239ec90cc49cc37d3128963ef7f84ead79e4e05aa5?s=96&d=mm&r=g\",\"caption\":\"yalmanzar\"},\"url\":\"https:\/\/zonafrancasantiago.com\/en\/author\/yalmanzar\/\"}]}<\/script>\n<!-- \/ Yoast SEO plugin. -->","yoast_head_json":{"title":"Corporaci\u00f3n Zona Franca Santiago presenta la und\u00e9cima edici\u00f3n de su campa\u00f1a \u201cPorque Te Quiero\u201d - Corporaci\u00f3n Zona Franca Santiago","robots":{"index":"index","follow":"follow","max-snippet":"max-snippet:-1","max-image-preview":"max-image-preview:large","max-video-preview":"max-video-preview:-1"},"canonical":"https:\/\/zonafrancasantiago.com\/corporacion-zona-franca-santiago-presenta-la-undecima-edicion-de-su-campana-porque-te-quiero\/","og_locale":"en_US","og_type":"article","og_title":"Corporaci\u00f3n Zona Franca Santiago presenta la und\u00e9cima edici\u00f3n de su campa\u00f1a \u201cPorque Te Quiero\u201d - Corporaci\u00f3n Zona Franca Santiago","og_description":"CZFS celebra la 11.\u00aa edici\u00f3n de \u201cPorque Te Quiero\u201d  La Corporaci\u00f3n Zona Franca Santiago present\u00f3 la campa\u00f1a \u201cPorque Te Quiero\u201d, que por once a\u00f1os ha llevado prevenci\u00f3n, cuidado y esperanza a miles de mujeres del PIVEM y su comunidad.  En esta nueva edici\u00f3n se suman m\u00e1s beneficios, como un mes completo de actividades, jornadas abiertas al p\u00fablico y la incorporaci\u00f3n de la Resonancia de Mama m\u00e1s avanzada de la regi\u00f3n Norte en M\u0112DICA.  Con m\u00e1s de 18,500 estudios realizados y 713 vidas impactadas con diagn\u00f3sticos tempranos, la campa\u00f1a se consolida como un s\u00edmbolo de amor, salud y compromiso con cada mujer.","og_url":"https:\/\/zonafrancasantiago.com\/corporacion-zona-franca-santiago-presenta-la-undecima-edicion-de-su-campana-porque-te-quiero\/","og_site_name":"Corporaci\u00f3n Zona Franca Santiago","article_publisher":"https:\/\/www.facebook.com\/CZFSantiago","article_published_time":"2025-09-23T21:13:50+00:00","og_image":[{"width":2560,"height":1706,"url":"https:\/\/zonafrancasantiago.com\/wp-content\/uploads\/2025\/09\/Fotografia-para-nota-de-Prensa-PQTQ-2025.jpg","type":"image\/jpeg"}],"author":"yalmanzar","twitter_card":"summary_large_image","twitter_creator":"@czfsantiagord","twitter_site":"@czfsantiagord","twitter_misc":{"Written by":"yalmanzar","Est. reading time":"3 minutes"},"schema":{"@context":"https:\/\/schema.org","@graph":[{"@type":"Article","@id":"https:\/\/zonafrancasantiago.com\/corporacion-zona-franca-santiago-presenta-la-undecima-edicion-de-su-campana-porque-te-quiero\/#article","isPartOf":{"@id":"https:\/\/zonafrancasantiago.com\/corporacion-zona-franca-santiago-presenta-la-undecima-edicion-de-su-campana-porque-te-quiero\/"},"author":{"name":"yalmanzar","@id":"https:\/\/zonafrancasantiago.com\/#\/schema\/person\/fb1bb3e0b3799fcac8e090d1d85b831c"},"headline":"Corporaci\u00f3n Zona Franca Santiago presenta la und\u00e9cima edici\u00f3n de su campa\u00f1a \u201cPorque Te Quiero\u201d","datePublished":"2025-09-23T21:13:50+00:00","mainEntityOfPage":{"@id":"https:\/\/zonafrancasantiago.com\/corporacion-zona-franca-santiago-presenta-la-undecima-edicion-de-su-campana-porque-te-quiero\/"},"wordCount":599,"commentCount":0,"publisher":{"@id":"https:\/\/zonafrancasantiago.com\/#organization"},"image":{"@id":"https:\/\/zonafrancasantiago.com\/corporacion-zona-franca-santiago-presenta-la-undecima-edicion-de-su-campana-porque-te-quiero\/#primaryimage"},"thumbnailUrl":"https:\/\/zonafrancasantiago.com\/wp-content\/uploads\/2025\/09\/Fotografia-para-nota-de-Prensa-PQTQ-2025.jpg","articleSection":["Noticias"],"inLanguage":"en-US","potentialAction":[{"@type":"CommentAction","name":"Comment","target":["https:\/\/zonafrancasantiago.com\/corporacion-zona-franca-santiago-presenta-la-undecima-edicion-de-su-campana-porque-te-quiero\/#respond"]}]},{"@type":"WebPage","@id":"https:\/\/zonafrancasantiago.com\/corporacion-zona-franca-santiago-presenta-la-undecima-edicion-de-su-campana-porque-te-quiero\/","url":"https:\/\/zonafrancasantiago.com\/corporacion-zona-franca-santiago-presenta-la-undecima-edicion-de-su-campana-porque-te-quiero\/","name":"Corporaci\u00f3n Zona Franca Santiago presenta la und\u00e9cima edici\u00f3n de su campa\u00f1a \u201cPorque Te Quiero\u201d - Corporaci\u00f3n Zona Franca Santiago","isPartOf":{"@id":"https:\/\/zonafrancasantiago.com\/#website"},"primaryImageOfPage":{"@id":"https:\/\/zonafrancasantiago.com\/corporacion-zona-franca-santiago-presenta-la-undecima-edicion-de-su-campana-porque-te-quiero\/#primaryimage"},"image":{"@id":"https:\/\/zonafrancasantiago.com\/corporacion-zona-franca-santiago-presenta-la-undecima-edicion-de-su-campana-porque-te-quiero\/#primaryimage"},"thumbnailUrl":"https:\/\/zonafrancasantiago.com\/wp-content\/uploads\/2025\/09\/Fotografia-para-nota-de-Prensa-PQTQ-2025.jpg","datePublished":"2025-09-23T21:13:50+00:00","breadcrumb":{"@id":"https:\/\/zonafrancasantiago.com\/corporacion-zona-franca-santiago-presenta-la-undecima-edicion-de-su-campana-porque-te-quiero\/#breadcrumb"},"inLanguage":"en-US","potentialAction":[{"@type":"ReadAction","target":["https:\/\/zonafrancasantiago.com\/corporacion-zona-franca-santiago-presenta-la-undecima-edicion-de-su-campana-porque-te-quiero\/"]}]},{"@type":"ImageObject","inLanguage":"en-US","@id":"https:\/\/zonafrancasantiago.com\/corporacion-zona-franca-santiago-presenta-la-undecima-edicion-de-su-campana-porque-te-quiero\/#primaryimage","url":"https:\/\/zonafrancasantiago.com\/wp-content\/uploads\/2025\/09\/Fotografia-para-nota-de-Prensa-PQTQ-2025.jpg","contentUrl":"https:\/\/zonafrancasantiago.com\/wp-content\/uploads\/2025\/09\/Fotografia-para-nota-de-Prensa-PQTQ-2025.jpg","width":2560,"height":1706},{"@type":"BreadcrumbList","@id":"https:\/\/zonafrancasantiago.com\/corporacion-zona-franca-santiago-presenta-la-undecima-edicion-de-su-campana-porque-te-quiero\/#breadcrumb","itemListElement":[{"@type":"ListItem","position":1,"name":"Portada","item":"https:\/\/zonafrancasantiago.com\/en\/"},{"@type":"ListItem","position":2,"name":"Corporaci\u00f3n Zona Franca Santiago presenta la und\u00e9cima edici\u00f3n de su campa\u00f1a \u201cPorque Te Quiero\u201d"}]},{"@type":"WebSite","@id":"https:\/\/zonafrancasantiago.com\/#website","url":"https:\/\/zonafrancasantiago.com\/","name":"Corporaci\u00f3n Zona Franca Santiago","description":"","publisher":{"@id":"https:\/\/zonafrancasantiago.com\/#organization"},"potentialAction":[{"@type":"SearchAction","target":{"@type":"EntryPoint","urlTemplate":"https:\/\/zonafrancasantiago.com\/?s={search_term_string}"},"query-input":{"@type":"PropertyValueSpecification","valueRequired":true,"valueName":"search_term_string"}}],"inLanguage":"en-US"},{"@type":"Organization","@id":"https:\/\/zonafrancasantiago.com\/#organization","name":"Corporaci\u00f3n Zona Franca Santiago","url":"https:\/\/zonafrancasantiago.com\/","logo":{"@type":"ImageObject","inLanguage":"en-US","@id":"https:\/\/zonafrancasantiago.com\/#\/schema\/logo\/image\/","url":"https:\/\/zonafrancasantiago.com\/wp-content\/uploads\/2024\/04\/zonafranca-logo.png","contentUrl":"https:\/\/zonafrancasantiago.com\/wp-content\/uploads\/2024\/04\/zonafranca-logo.png","width":245,"height":84,"caption":"Corporaci\u00f3n Zona Franca Santiago"},"image":{"@id":"https:\/\/zonafrancasantiago.com\/#\/schema\/logo\/image\/"},"sameAs":["https:\/\/www.facebook.com\/CZFSantiago","https:\/\/x.com\/czfsantiagord","https:\/\/www.instagram.com\/czfsantiago\/","https:\/\/www.linkedin.com\/company\/corporacin-zona-franca-santiago\/","https:\/\/www.youtube.com\/@CZFSantiago"]},{"@type":"Person","@id":"https:\/\/zonafrancasantiago.com\/#\/schema\/person\/fb1bb3e0b3799fcac8e090d1d85b831c","name":"yalmanzar","image":{"@type":"ImageObject","inLanguage":"en-US","@id":"https:\/\/zonafrancasantiago.com\/#\/schema\/person\/image\/","url":"https:\/\/secure.gravatar.com\/avatar\/7345e0b640e5ae1a6d0ec1239ec90cc49cc37d3128963ef7f84ead79e4e05aa5?s=96&d=mm&r=g","contentUrl":"https:\/\/secure.gravatar.com\/avatar\/7345e0b640e5ae1a6d0ec1239ec90cc49cc37d3128963ef7f84ead79e4e05aa5?s=96&d=mm&r=g","caption":"yalmanzar"},"url":"https:\/\/zonafrancasantiago.com\/en\/author\/yalmanzar\/"}]}},"_links":{"self":[{"href":"https:\/\/zonafrancasantiago.com\/en\/wp-json\/wp\/v2\/posts\/21882","targetHints":{"allow":["GET"]}}],"collection":[{"href":"https:\/\/zonafrancasantiago.com\/en\/wp-json\/wp\/v2\/posts"}],"about":[{"href":"https:\/\/zonafrancasantiago.com\/en\/wp-json\/wp\/v2\/types\/post"}],"author":[{"embeddable":true,"href":"https:\/\/zonafrancasantiago.com\/en\/wp-json\/wp\/v2\/users\/7"}],"replies":[{"embeddable":true,"href":"https:\/\/zonafrancasantiago.com\/en\/wp-json\/wp\/v2\/comments?post=21882"}],"version-history":[{"count":1,"href":"https:\/\/zonafrancasantiago.com\/en\/wp-json\/wp\/v2\/posts\/21882\/revisions"}],"predecessor-version":[{"id":21885,"href":"https:\/\/zonafrancasantiago.com\/en\/wp-json\/wp\/v2\/posts\/21882\/revisions\/21885"}],"wp:featuredmedia":[{"embeddable":true,"href":"https:\/\/zonafrancasantiago.com\/en\/wp-json\/wp\/v2\/media\/21883"}],"wp:attachment":[{"href":"https:\/\/zonafrancasantiago.com\/en\/wp-json\/wp\/v2\/media?parent=21882"}],"wp:term":[{"taxonomy":"category","embeddable":true,"href":"https:\/\/zonafrancasantiago.com\/en\/wp-json\/wp\/v2\/categories?post=21882"},{"taxonomy":"post_tag","embeddable":true,"href":"https:\/\/zonafrancasantiago.com\/en\/wp-json\/wp\/v2\/tags?post=21882"}],"curies":[{"name":"wp","href":"https:\/\/api.w.org\/{rel}","templated":true}]}}