{"id":2428,"date":"2019-11-09T20:32:49","date_gmt":"2019-11-09T19:32:49","guid":{"rendered":"https:\/\/www.zonafrancasantiago.com\/?p=2428"},"modified":"2019-11-09T20:32:49","modified_gmt":"2019-11-09T19:32:49","slug":"seguimos-reforestando","status":"publish","type":"post","link":"https:\/\/zonafrancasantiago.com\/en\/seguimos-reforestando\/","title":{"rendered":"Seguimos reforestando"},"content":{"rendered":"<p>M\u00e1s de cinco mil plantas fueron sembradas por 250 colaboradores durante la Jornada de Reforestaci\u00f3n 2019 de la Corporaci\u00f3n Zona Franca Santiago, realizada en la comunidad El Mamey de San Jos\u00e9 de las Matas.<\/p>\n<p>La actividad forma parte del programa de Sostenibilidad Ambiental de la instituci\u00f3n, abanderado del lema \u201cTodos Podemos Contribuir\u201d, que permite a cada persona, cada familia del Parque Industrial V\u00edctor Espaillat Mera (PIVEM), sume sus manos a la misi\u00f3n de ser receptivos y emp\u00e1ticos con la madre tierra.<\/p>\n<p>Cada a\u00f1o, la Corporaci\u00f3n re\u00fane a su poblaci\u00f3n interna del PIVEM y miembros de las comunidades circundantes, en la Jornada de Reforestaci\u00f3n de la mano del Plan Sierra.<\/p>\n<p>Previo a la siembra, Carlos Fondeur Victoria, vicepresidente del Consejo Directivo de la Corporaci\u00f3n, entreg\u00f3 a ejecutivos del Plan Sierra, el donativo por cinco millones de pesos, que desde el a\u00f1o 2009 desembolsa a la instituci\u00f3n.<\/p>\n<p>Hasta la fecha, la CZFS ha entregado 45 millones de pesos al Plan Sierra, recursos destinados al manejo sostenible del agua, suelo, bosque y biodiversidad para que, desde las monta\u00f1as, se pueda producir agua limpia para consumo humano, uso industrial y riego.<\/p>\n<p>Durante la Jornada de Reforestaci\u00f3n, Libby Padilla, ingeniera forestal y coordinadora de la agencia boscosa de Plan Sierra, ofreci\u00f3 una charla sobre la importancia de la reforestaci\u00f3n y el agua. La actividad concluy\u00f3 con un almuerzo en el Centro Plan Sierra Los Montones.<\/p>\n","protected":false},"excerpt":{"rendered":"<p>M\u00e1s de cinco mil plantas fueron sembradas por 250 colaboradores durante la Jornada de Reforestaci\u00f3n 2019 de la Corporaci\u00f3n Zona Franca Santiago, realizada en la comunidad El Mamey de San Jos\u00e9 de las Matas. La actividad forma parte del programa de Sostenibilidad Ambiental de la instituci\u00f3n, abanderado del lema \u201cTodos Podemos Contribuir\u201d, que permite a [&hellip;]<\/p>\n","protected":false},"author":8,"featured_media":2429,"comment_status":"open","ping_status":"open","sticky":false,"template":"","format":"standard","meta":{"footnotes":""},"categories":[1],"tags":[],"class_list":["post-2428","post","type-post","status-publish","format-standard","has-post-thumbnail","hentry","category-sin-categorizar"],"yoast_head":"<!-- This site is optimized with the Yoast SEO plugin v25.7 - https:\/\/yoast.com\/wordpress\/plugins\/seo\/ -->\n<title>Seguimos reforestando - Corporaci\u00f3n Zona Franca Santiago<\/title>\n<meta name=\"robots\" content=\"index, follow, max-snippet:-1, max-image-preview:large, max-video-preview:-1\" \/>\n<link rel=\"canonical\" href=\"https:\/\/zonafrancasantiago.com\/seguimos-reforestando\/\" \/>\n<meta property=\"og:locale\" content=\"en_US\" \/>\n<meta property=\"og:type\" content=\"article\" \/>\n<meta property=\"og:title\" content=\"Seguimos reforestando - Corporaci\u00f3n Zona Franca Santiago\" \/>\n<meta property=\"og:description\" content=\"M\u00e1s de cinco mil plantas fueron sembradas por 250 colaboradores durante la Jornada de Reforestaci\u00f3n 2019 de la Corporaci\u00f3n Zona Franca Santiago, realizada en la comunidad El Mamey de San Jos\u00e9 de las Matas. La actividad forma parte del programa de Sostenibilidad Ambiental de la instituci\u00f3n, abanderado del lema \u201cTodos Podemos Contribuir\u201d, que permite a [&hellip;]\" \/>\n<meta property=\"og:url\" content=\"https:\/\/zonafrancasantiago.com\/seguimos-reforestando\/\" \/>\n<meta property=\"og:site_name\" content=\"Corporaci\u00f3n Zona Franca Santiago\" \/>\n<meta property=\"article:publisher\" content=\"https:\/\/www.facebook.com\/CZFSantiago\" \/>\n<meta property=\"article:published_time\" content=\"2019-11-09T19:32:49+00:00\" \/>\n<meta property=\"og:image\" content=\"https:\/\/zonafrancasantiago.com\/wp-content\/uploads\/2019\/12\/CAF_8985-scaled.jpg\" \/>\n\t<meta property=\"og:image:width\" content=\"2560\" \/>\n\t<meta property=\"og:image:height\" content=\"1711\" \/>\n\t<meta property=\"og:image:type\" content=\"image\/jpeg\" \/>\n<meta name=\"author\" content=\"victor\" \/>\n<meta name=\"twitter:card\" content=\"summary_large_image\" \/>\n<meta name=\"twitter:creator\" content=\"@czfsantiagord\" \/>\n<meta name=\"twitter:site\" content=\"@czfsantiagord\" \/>\n<meta name=\"twitter:label1\" content=\"Written by\" \/>\n\t<meta name=\"twitter:data1\" content=\"victor\" \/>\n\t<meta name=\"twitter:label2\" content=\"Est. reading time\" \/>\n\t<meta name=\"twitter:data2\" content=\"1 minute\" \/>\n<script type=\"application\/ld+json\" class=\"yoast-schema-graph\">{\"@context\":\"https:\/\/schema.org\",\"@graph\":[{\"@type\":\"Article\",\"@id\":\"https:\/\/zonafrancasantiago.com\/seguimos-reforestando\/#article\",\"isPartOf\":{\"@id\":\"https:\/\/zonafrancasantiago.com\/seguimos-reforestando\/\"},\"author\":{\"name\":\"victor\",\"@id\":\"https:\/\/zonafrancasantiago.com\/#\/schema\/person\/231fdb0cbe334af0f09f36c18b373b97\"},\"headline\":\"Seguimos reforestando\",\"datePublished\":\"2019-11-09T19:32:49+00:00\",\"mainEntityOfPage\":{\"@id\":\"https:\/\/zonafrancasantiago.com\/seguimos-reforestando\/\"},\"wordCount\":246,\"commentCount\":0,\"publisher\":{\"@id\":\"https:\/\/zonafrancasantiago.com\/#organization\"},\"image\":{\"@id\":\"https:\/\/zonafrancasantiago.com\/seguimos-reforestando\/#primaryimage\"},\"thumbnailUrl\":\"https:\/\/zonafrancasantiago.com\/wp-content\/uploads\/2019\/12\/CAF_8985-scaled.jpg\",\"articleSection\":[\"Sin categorizar\"],\"inLanguage\":\"en-US\",\"potentialAction\":[{\"@type\":\"CommentAction\",\"name\":\"Comment\",\"target\":[\"https:\/\/zonafrancasantiago.com\/seguimos-reforestando\/#respond\"]}]},{\"@type\":\"WebPage\",\"@id\":\"https:\/\/zonafrancasantiago.com\/seguimos-reforestando\/\",\"url\":\"https:\/\/zonafrancasantiago.com\/seguimos-reforestando\/\",\"name\":\"Seguimos reforestando - Corporaci\u00f3n Zona Franca Santiago\",\"isPartOf\":{\"@id\":\"https:\/\/zonafrancasantiago.com\/#website\"},\"primaryImageOfPage\":{\"@id\":\"https:\/\/zonafrancasantiago.com\/seguimos-reforestando\/#primaryimage\"},\"image\":{\"@id\":\"https:\/\/zonafrancasantiago.com\/seguimos-reforestando\/#primaryimage\"},\"thumbnailUrl\":\"https:\/\/zonafrancasantiago.com\/wp-content\/uploads\/2019\/12\/CAF_8985-scaled.jpg\",\"datePublished\":\"2019-11-09T19:32:49+00:00\",\"breadcrumb\":{\"@id\":\"https:\/\/zonafrancasantiago.com\/seguimos-reforestando\/#breadcrumb\"},\"inLanguage\":\"en-US\",\"potentialAction\":[{\"@type\":\"ReadAction\",\"target\":[\"https:\/\/zonafrancasantiago.com\/seguimos-reforestando\/\"]}]},{\"@type\":\"ImageObject\",\"inLanguage\":\"en-US\",\"@id\":\"https:\/\/zonafrancasantiago.com\/seguimos-reforestando\/#primaryimage\",\"url\":\"https:\/\/zonafrancasantiago.com\/wp-content\/uploads\/2019\/12\/CAF_8985-scaled.jpg\",\"contentUrl\":\"https:\/\/zonafrancasantiago.com\/wp-content\/uploads\/2019\/12\/CAF_8985-scaled.jpg\",\"width\":2560,\"height\":1711},{\"@type\":\"BreadcrumbList\",\"@id\":\"https:\/\/zonafrancasantiago.com\/seguimos-reforestando\/#breadcrumb\",\"itemListElement\":[{\"@type\":\"ListItem\",\"position\":1,\"name\":\"Portada\",\"item\":\"https:\/\/zonafrancasantiago.com\/en\/\"},{\"@type\":\"ListItem\",\"position\":2,\"name\":\"Seguimos reforestando\"}]},{\"@type\":\"WebSite\",\"@id\":\"https:\/\/zonafrancasantiago.com\/#website\",\"url\":\"https:\/\/zonafrancasantiago.com\/\",\"name\":\"Corporaci\u00f3n Zona Franca Santiago\",\"description\":\"\",\"publisher\":{\"@id\":\"https:\/\/zonafrancasantiago.com\/#organization\"},\"potentialAction\":[{\"@type\":\"SearchAction\",\"target\":{\"@type\":\"EntryPoint\",\"urlTemplate\":\"https:\/\/zonafrancasantiago.com\/?s={search_term_string}\"},\"query-input\":{\"@type\":\"PropertyValueSpecification\",\"valueRequired\":true,\"valueName\":\"search_term_string\"}}],\"inLanguage\":\"en-US\"},{\"@type\":\"Organization\",\"@id\":\"https:\/\/zonafrancasantiago.com\/#organization\",\"name\":\"Corporaci\u00f3n Zona Franca Santiago\",\"url\":\"https:\/\/zonafrancasantiago.com\/\",\"logo\":{\"@type\":\"ImageObject\",\"inLanguage\":\"en-US\",\"@id\":\"https:\/\/zonafrancasantiago.com\/#\/schema\/logo\/image\/\",\"url\":\"https:\/\/zonafrancasantiago.com\/wp-content\/uploads\/2024\/04\/zonafranca-logo.png\",\"contentUrl\":\"https:\/\/zonafrancasantiago.com\/wp-content\/uploads\/2024\/04\/zonafranca-logo.png\",\"width\":245,\"height\":84,\"caption\":\"Corporaci\u00f3n Zona Franca Santiago\"},\"image\":{\"@id\":\"https:\/\/zonafrancasantiago.com\/#\/schema\/logo\/image\/\"},\"sameAs\":[\"https:\/\/www.facebook.com\/CZFSantiago\",\"https:\/\/x.com\/czfsantiagord\",\"https:\/\/www.instagram.com\/czfsantiago\/\",\"https:\/\/www.linkedin.com\/company\/corporacin-zona-franca-santiago\/\",\"https:\/\/www.youtube.com\/@CZFSantiago\"]},{\"@type\":\"Person\",\"@id\":\"https:\/\/zonafrancasantiago.com\/#\/schema\/person\/231fdb0cbe334af0f09f36c18b373b97\",\"name\":\"victor\",\"image\":{\"@type\":\"ImageObject\",\"inLanguage\":\"en-US\",\"@id\":\"https:\/\/zonafrancasantiago.com\/#\/schema\/person\/image\/\",\"url\":\"https:\/\/secure.gravatar.com\/avatar\/1ff4cc1d3cbe810ce69a34f5e275a40730288eb7c1925f7841092e6857ccba93?s=96&d=mm&r=g\",\"contentUrl\":\"https:\/\/secure.gravatar.com\/avatar\/1ff4cc1d3cbe810ce69a34f5e275a40730288eb7c1925f7841092e6857ccba93?s=96&d=mm&r=g\",\"caption\":\"victor\"},\"url\":\"https:\/\/zonafrancasantiago.com\/en\/author\/victor\/\"}]}<\/script>\n<!-- \/ Yoast SEO plugin. -->","yoast_head_json":{"title":"Seguimos reforestando - Corporaci\u00f3n Zona Franca Santiago","robots":{"index":"index","follow":"follow","max-snippet":"max-snippet:-1","max-image-preview":"max-image-preview:large","max-video-preview":"max-video-preview:-1"},"canonical":"https:\/\/zonafrancasantiago.com\/seguimos-reforestando\/","og_locale":"en_US","og_type":"article","og_title":"Seguimos reforestando - Corporaci\u00f3n Zona Franca Santiago","og_description":"M\u00e1s de cinco mil plantas fueron sembradas por 250 colaboradores durante la Jornada de Reforestaci\u00f3n 2019 de la Corporaci\u00f3n Zona Franca Santiago, realizada en la comunidad El Mamey de San Jos\u00e9 de las Matas. La actividad forma parte del programa de Sostenibilidad Ambiental de la instituci\u00f3n, abanderado del lema \u201cTodos Podemos Contribuir\u201d, que permite a [&hellip;]","og_url":"https:\/\/zonafrancasantiago.com\/seguimos-reforestando\/","og_site_name":"Corporaci\u00f3n Zona Franca Santiago","article_publisher":"https:\/\/www.facebook.com\/CZFSantiago","article_published_time":"2019-11-09T19:32:49+00:00","og_image":[{"width":2560,"height":1711,"url":"https:\/\/zonafrancasantiago.com\/wp-content\/uploads\/2019\/12\/CAF_8985-scaled.jpg","type":"image\/jpeg"}],"author":"victor","twitter_card":"summary_large_image","twitter_creator":"@czfsantiagord","twitter_site":"@czfsantiagord","twitter_misc":{"Written by":"victor","Est. reading time":"1 minute"},"schema":{"@context":"https:\/\/schema.org","@graph":[{"@type":"Article","@id":"https:\/\/zonafrancasantiago.com\/seguimos-reforestando\/#article","isPartOf":{"@id":"https:\/\/zonafrancasantiago.com\/seguimos-reforestando\/"},"author":{"name":"victor","@id":"https:\/\/zonafrancasantiago.com\/#\/schema\/person\/231fdb0cbe334af0f09f36c18b373b97"},"headline":"Seguimos reforestando","datePublished":"2019-11-09T19:32:49+00:00","mainEntityOfPage":{"@id":"https:\/\/zonafrancasantiago.com\/seguimos-reforestando\/"},"wordCount":246,"commentCount":0,"publisher":{"@id":"https:\/\/zonafrancasantiago.com\/#organization"},"image":{"@id":"https:\/\/zonafrancasantiago.com\/seguimos-reforestando\/#primaryimage"},"thumbnailUrl":"https:\/\/zonafrancasantiago.com\/wp-content\/uploads\/2019\/12\/CAF_8985-scaled.jpg","articleSection":["Sin categorizar"],"inLanguage":"en-US","potentialAction":[{"@type":"CommentAction","name":"Comment","target":["https:\/\/zonafrancasantiago.com\/seguimos-reforestando\/#respond"]}]},{"@type":"WebPage","@id":"https:\/\/zonafrancasantiago.com\/seguimos-reforestando\/","url":"https:\/\/zonafrancasantiago.com\/seguimos-reforestando\/","name":"Seguimos reforestando - Corporaci\u00f3n Zona Franca Santiago","isPartOf":{"@id":"https:\/\/zonafrancasantiago.com\/#website"},"primaryImageOfPage":{"@id":"https:\/\/zonafrancasantiago.com\/seguimos-reforestando\/#primaryimage"},"image":{"@id":"https:\/\/zonafrancasantiago.com\/seguimos-reforestando\/#primaryimage"},"thumbnailUrl":"https:\/\/zonafrancasantiago.com\/wp-content\/uploads\/2019\/12\/CAF_8985-scaled.jpg","datePublished":"2019-11-09T19:32:49+00:00","breadcrumb":{"@id":"https:\/\/zonafrancasantiago.com\/seguimos-reforestando\/#breadcrumb"},"inLanguage":"en-US","potentialAction":[{"@type":"ReadAction","target":["https:\/\/zonafrancasantiago.com\/seguimos-reforestando\/"]}]},{"@type":"ImageObject","inLanguage":"en-US","@id":"https:\/\/zonafrancasantiago.com\/seguimos-reforestando\/#primaryimage","url":"https:\/\/zonafrancasantiago.com\/wp-content\/uploads\/2019\/12\/CAF_8985-scaled.jpg","contentUrl":"https:\/\/zonafrancasantiago.com\/wp-content\/uploads\/2019\/12\/CAF_8985-scaled.jpg","width":2560,"height":1711},{"@type":"BreadcrumbList","@id":"https:\/\/zonafrancasantiago.com\/seguimos-reforestando\/#breadcrumb","itemListElement":[{"@type":"ListItem","position":1,"name":"Portada","item":"https:\/\/zonafrancasantiago.com\/en\/"},{"@type":"ListItem","position":2,"name":"Seguimos reforestando"}]},{"@type":"WebSite","@id":"https:\/\/zonafrancasantiago.com\/#website","url":"https:\/\/zonafrancasantiago.com\/","name":"Corporaci\u00f3n Zona Franca Santiago","description":"","publisher":{"@id":"https:\/\/zonafrancasantiago.com\/#organization"},"potentialAction":[{"@type":"SearchAction","target":{"@type":"EntryPoint","urlTemplate":"https:\/\/zonafrancasantiago.com\/?s={search_term_string}"},"query-input":{"@type":"PropertyValueSpecification","valueRequired":true,"valueName":"search_term_string"}}],"inLanguage":"en-US"},{"@type":"Organization","@id":"https:\/\/zonafrancasantiago.com\/#organization","name":"Corporaci\u00f3n Zona Franca Santiago","url":"https:\/\/zonafrancasantiago.com\/","logo":{"@type":"ImageObject","inLanguage":"en-US","@id":"https:\/\/zonafrancasantiago.com\/#\/schema\/logo\/image\/","url":"https:\/\/zonafrancasantiago.com\/wp-content\/uploads\/2024\/04\/zonafranca-logo.png","contentUrl":"https:\/\/zonafrancasantiago.com\/wp-content\/uploads\/2024\/04\/zonafranca-logo.png","width":245,"height":84,"caption":"Corporaci\u00f3n Zona Franca Santiago"},"image":{"@id":"https:\/\/zonafrancasantiago.com\/#\/schema\/logo\/image\/"},"sameAs":["https:\/\/www.facebook.com\/CZFSantiago","https:\/\/x.com\/czfsantiagord","https:\/\/www.instagram.com\/czfsantiago\/","https:\/\/www.linkedin.com\/company\/corporacin-zona-franca-santiago\/","https:\/\/www.youtube.com\/@CZFSantiago"]},{"@type":"Person","@id":"https:\/\/zonafrancasantiago.com\/#\/schema\/person\/231fdb0cbe334af0f09f36c18b373b97","name":"victor","image":{"@type":"ImageObject","inLanguage":"en-US","@id":"https:\/\/zonafrancasantiago.com\/#\/schema\/person\/image\/","url":"https:\/\/secure.gravatar.com\/avatar\/1ff4cc1d3cbe810ce69a34f5e275a40730288eb7c1925f7841092e6857ccba93?s=96&d=mm&r=g","contentUrl":"https:\/\/secure.gravatar.com\/avatar\/1ff4cc1d3cbe810ce69a34f5e275a40730288eb7c1925f7841092e6857ccba93?s=96&d=mm&r=g","caption":"victor"},"url":"https:\/\/zonafrancasantiago.com\/en\/author\/victor\/"}]}},"_links":{"self":[{"href":"https:\/\/zonafrancasantiago.com\/en\/wp-json\/wp\/v2\/posts\/2428","targetHints":{"allow":["GET"]}}],"collection":[{"href":"https:\/\/zonafrancasantiago.com\/en\/wp-json\/wp\/v2\/posts"}],"about":[{"href":"https:\/\/zonafrancasantiago.com\/en\/wp-json\/wp\/v2\/types\/post"}],"author":[{"embeddable":true,"href":"https:\/\/zonafrancasantiago.com\/en\/wp-json\/wp\/v2\/users\/8"}],"replies":[{"embeddable":true,"href":"https:\/\/zonafrancasantiago.com\/en\/wp-json\/wp\/v2\/comments?post=2428"}],"version-history":[{"count":0,"href":"https:\/\/zonafrancasantiago.com\/en\/wp-json\/wp\/v2\/posts\/2428\/revisions"}],"wp:featuredmedia":[{"embeddable":true,"href":"https:\/\/zonafrancasantiago.com\/en\/wp-json\/wp\/v2\/media\/2429"}],"wp:attachment":[{"href":"https:\/\/zonafrancasantiago.com\/en\/wp-json\/wp\/v2\/media?parent=2428"}],"wp:term":[{"taxonomy":"category","embeddable":true,"href":"https:\/\/zonafrancasantiago.com\/en\/wp-json\/wp\/v2\/categories?post=2428"},{"taxonomy":"post_tag","embeddable":true,"href":"https:\/\/zonafrancasantiago.com\/en\/wp-json\/wp\/v2\/tags?post=2428"}],"curies":[{"name":"wp","href":"https:\/\/api.w.org\/{rel}","templated":true}]}}