{"id":2438,"date":"2019-11-29T22:02:26","date_gmt":"2019-11-29T21:02:26","guid":{"rendered":"https:\/\/www.zonafrancasantiago.com\/?p=2438"},"modified":"2019-11-29T22:02:26","modified_gmt":"2019-11-29T21:02:26","slug":"la-navidad-inicia-en-plazona","status":"publish","type":"post","link":"https:\/\/zonafrancasantiago.com\/en\/la-navidad-inicia-en-plazona\/","title":{"rendered":"La Navidad inicia en PlaZona"},"content":{"rendered":"<p>El concierto a cargo de la Banda Sinf\u00f3nica Juvenil del Instituto de Cultura y Arte (ICA), dirigida por el profesor Porfirio M\u00e9ndez, le dio la bienvenida a la Navidad desde PlaZona.<\/p>\n<p>En el coraz\u00f3n de la comunidad fueron interpretadas exitosas composiciones del cancionero dominicano como \u201cSantiago en Coche\u201d, \u201cSalsa pa\u00b4tu lech\u00f3n\u201d, entre otras.<\/p>\n<p>La actividad es iniciativa de la Corporaci\u00f3n Zona Franca Santiago, con el respaldo del Comit\u00e9 Amigos de PlaZona. En representaci\u00f3n de este equipo y la comunidad, habl\u00f3 el profesor Jos\u00e9 J\u00e1quez, quien ofreci\u00f3 unas palabras de motivaci\u00f3n y agradecimiento previo al recital. Mientras que, en nombre del Consejo Directivo de la CZFS, se expres\u00f3 Carlos Fondeur Victoria.<\/p>\n<p>Hubo jengibre, galletitas, palomitas de ma\u00edz, algod\u00f3n de az\u00facar, fuegos artificiales y el personaje de Santa Claus para deleite de ni\u00f1os y ni\u00f1as. Una actividad hermos\u00edsima para las familias del entorno del PIVEM.<\/p>\n","protected":false},"excerpt":{"rendered":"<p>El concierto a cargo de la Banda Sinf\u00f3nica Juvenil del Instituto de Cultura y Arte (ICA), dirigida por el profesor Porfirio M\u00e9ndez, le dio la bienvenida a la Navidad desde PlaZona. En el coraz\u00f3n de la comunidad fueron interpretadas exitosas composiciones del cancionero dominicano como \u201cSantiago en Coche\u201d, \u201cSalsa pa\u00b4tu lech\u00f3n\u201d, entre otras. La actividad [&hellip;]<\/p>\n","protected":false},"author":8,"featured_media":2439,"comment_status":"open","ping_status":"open","sticky":false,"template":"","format":"standard","meta":{"footnotes":""},"categories":[1],"tags":[],"class_list":["post-2438","post","type-post","status-publish","format-standard","has-post-thumbnail","hentry","category-sin-categorizar"],"yoast_head":"<!-- This site is optimized with the Yoast SEO plugin v25.7 - https:\/\/yoast.com\/wordpress\/plugins\/seo\/ -->\n<title>La Navidad inicia en PlaZona - Corporaci\u00f3n Zona Franca Santiago<\/title>\n<meta name=\"robots\" content=\"index, follow, max-snippet:-1, max-image-preview:large, max-video-preview:-1\" \/>\n<link rel=\"canonical\" href=\"https:\/\/zonafrancasantiago.com\/la-navidad-inicia-en-plazona\/\" \/>\n<meta property=\"og:locale\" content=\"en_US\" \/>\n<meta property=\"og:type\" content=\"article\" \/>\n<meta property=\"og:title\" content=\"La Navidad inicia en PlaZona - Corporaci\u00f3n Zona Franca Santiago\" \/>\n<meta property=\"og:description\" content=\"El concierto a cargo de la Banda Sinf\u00f3nica Juvenil del Instituto de Cultura y Arte (ICA), dirigida por el profesor Porfirio M\u00e9ndez, le dio la bienvenida a la Navidad desde PlaZona. En el coraz\u00f3n de la comunidad fueron interpretadas exitosas composiciones del cancionero dominicano como \u201cSantiago en Coche\u201d, \u201cSalsa pa\u00b4tu lech\u00f3n\u201d, entre otras. La actividad [&hellip;]\" \/>\n<meta property=\"og:url\" content=\"https:\/\/zonafrancasantiago.com\/la-navidad-inicia-en-plazona\/\" \/>\n<meta property=\"og:site_name\" content=\"Corporaci\u00f3n Zona Franca Santiago\" \/>\n<meta property=\"article:publisher\" content=\"https:\/\/www.facebook.com\/CZFSantiago\" \/>\n<meta property=\"article:published_time\" content=\"2019-11-29T21:02:26+00:00\" \/>\n<meta property=\"og:image\" content=\"https:\/\/zonafrancasantiago.com\/wp-content\/uploads\/2019\/12\/CAF_1505-scaled.jpg\" \/>\n\t<meta property=\"og:image:width\" content=\"2560\" \/>\n\t<meta property=\"og:image:height\" content=\"1711\" \/>\n\t<meta property=\"og:image:type\" content=\"image\/jpeg\" \/>\n<meta name=\"author\" content=\"victor\" \/>\n<meta name=\"twitter:card\" content=\"summary_large_image\" \/>\n<meta name=\"twitter:creator\" content=\"@czfsantiagord\" \/>\n<meta name=\"twitter:site\" content=\"@czfsantiagord\" \/>\n<meta name=\"twitter:label1\" content=\"Written by\" \/>\n\t<meta name=\"twitter:data1\" content=\"victor\" \/>\n\t<meta name=\"twitter:label2\" content=\"Est. reading time\" \/>\n\t<meta name=\"twitter:data2\" content=\"1 minute\" \/>\n<script type=\"application\/ld+json\" class=\"yoast-schema-graph\">{\"@context\":\"https:\/\/schema.org\",\"@graph\":[{\"@type\":\"Article\",\"@id\":\"https:\/\/zonafrancasantiago.com\/la-navidad-inicia-en-plazona\/#article\",\"isPartOf\":{\"@id\":\"https:\/\/zonafrancasantiago.com\/la-navidad-inicia-en-plazona\/\"},\"author\":{\"name\":\"victor\",\"@id\":\"https:\/\/zonafrancasantiago.com\/#\/schema\/person\/231fdb0cbe334af0f09f36c18b373b97\"},\"headline\":\"La Navidad inicia en PlaZona\",\"datePublished\":\"2019-11-29T21:02:26+00:00\",\"mainEntityOfPage\":{\"@id\":\"https:\/\/zonafrancasantiago.com\/la-navidad-inicia-en-plazona\/\"},\"wordCount\":163,\"commentCount\":0,\"publisher\":{\"@id\":\"https:\/\/zonafrancasantiago.com\/#organization\"},\"image\":{\"@id\":\"https:\/\/zonafrancasantiago.com\/la-navidad-inicia-en-plazona\/#primaryimage\"},\"thumbnailUrl\":\"https:\/\/zonafrancasantiago.com\/wp-content\/uploads\/2019\/12\/CAF_1505-scaled.jpg\",\"articleSection\":[\"Sin categorizar\"],\"inLanguage\":\"en-US\",\"potentialAction\":[{\"@type\":\"CommentAction\",\"name\":\"Comment\",\"target\":[\"https:\/\/zonafrancasantiago.com\/la-navidad-inicia-en-plazona\/#respond\"]}]},{\"@type\":\"WebPage\",\"@id\":\"https:\/\/zonafrancasantiago.com\/la-navidad-inicia-en-plazona\/\",\"url\":\"https:\/\/zonafrancasantiago.com\/la-navidad-inicia-en-plazona\/\",\"name\":\"La Navidad inicia en PlaZona - Corporaci\u00f3n Zona Franca Santiago\",\"isPartOf\":{\"@id\":\"https:\/\/zonafrancasantiago.com\/#website\"},\"primaryImageOfPage\":{\"@id\":\"https:\/\/zonafrancasantiago.com\/la-navidad-inicia-en-plazona\/#primaryimage\"},\"image\":{\"@id\":\"https:\/\/zonafrancasantiago.com\/la-navidad-inicia-en-plazona\/#primaryimage\"},\"thumbnailUrl\":\"https:\/\/zonafrancasantiago.com\/wp-content\/uploads\/2019\/12\/CAF_1505-scaled.jpg\",\"datePublished\":\"2019-11-29T21:02:26+00:00\",\"breadcrumb\":{\"@id\":\"https:\/\/zonafrancasantiago.com\/la-navidad-inicia-en-plazona\/#breadcrumb\"},\"inLanguage\":\"en-US\",\"potentialAction\":[{\"@type\":\"ReadAction\",\"target\":[\"https:\/\/zonafrancasantiago.com\/la-navidad-inicia-en-plazona\/\"]}]},{\"@type\":\"ImageObject\",\"inLanguage\":\"en-US\",\"@id\":\"https:\/\/zonafrancasantiago.com\/la-navidad-inicia-en-plazona\/#primaryimage\",\"url\":\"https:\/\/zonafrancasantiago.com\/wp-content\/uploads\/2019\/12\/CAF_1505-scaled.jpg\",\"contentUrl\":\"https:\/\/zonafrancasantiago.com\/wp-content\/uploads\/2019\/12\/CAF_1505-scaled.jpg\",\"width\":2560,\"height\":1711},{\"@type\":\"BreadcrumbList\",\"@id\":\"https:\/\/zonafrancasantiago.com\/la-navidad-inicia-en-plazona\/#breadcrumb\",\"itemListElement\":[{\"@type\":\"ListItem\",\"position\":1,\"name\":\"Portada\",\"item\":\"https:\/\/zonafrancasantiago.com\/en\/\"},{\"@type\":\"ListItem\",\"position\":2,\"name\":\"La Navidad inicia en PlaZona\"}]},{\"@type\":\"WebSite\",\"@id\":\"https:\/\/zonafrancasantiago.com\/#website\",\"url\":\"https:\/\/zonafrancasantiago.com\/\",\"name\":\"Corporaci\u00f3n Zona Franca Santiago\",\"description\":\"\",\"publisher\":{\"@id\":\"https:\/\/zonafrancasantiago.com\/#organization\"},\"potentialAction\":[{\"@type\":\"SearchAction\",\"target\":{\"@type\":\"EntryPoint\",\"urlTemplate\":\"https:\/\/zonafrancasantiago.com\/?s={search_term_string}\"},\"query-input\":{\"@type\":\"PropertyValueSpecification\",\"valueRequired\":true,\"valueName\":\"search_term_string\"}}],\"inLanguage\":\"en-US\"},{\"@type\":\"Organization\",\"@id\":\"https:\/\/zonafrancasantiago.com\/#organization\",\"name\":\"Corporaci\u00f3n Zona Franca Santiago\",\"url\":\"https:\/\/zonafrancasantiago.com\/\",\"logo\":{\"@type\":\"ImageObject\",\"inLanguage\":\"en-US\",\"@id\":\"https:\/\/zonafrancasantiago.com\/#\/schema\/logo\/image\/\",\"url\":\"https:\/\/zonafrancasantiago.com\/wp-content\/uploads\/2024\/04\/zonafranca-logo.png\",\"contentUrl\":\"https:\/\/zonafrancasantiago.com\/wp-content\/uploads\/2024\/04\/zonafranca-logo.png\",\"width\":245,\"height\":84,\"caption\":\"Corporaci\u00f3n Zona Franca Santiago\"},\"image\":{\"@id\":\"https:\/\/zonafrancasantiago.com\/#\/schema\/logo\/image\/\"},\"sameAs\":[\"https:\/\/www.facebook.com\/CZFSantiago\",\"https:\/\/x.com\/czfsantiagord\",\"https:\/\/www.instagram.com\/czfsantiago\/\",\"https:\/\/www.linkedin.com\/company\/corporacin-zona-franca-santiago\/\",\"https:\/\/www.youtube.com\/@CZFSantiago\"]},{\"@type\":\"Person\",\"@id\":\"https:\/\/zonafrancasantiago.com\/#\/schema\/person\/231fdb0cbe334af0f09f36c18b373b97\",\"name\":\"victor\",\"image\":{\"@type\":\"ImageObject\",\"inLanguage\":\"en-US\",\"@id\":\"https:\/\/zonafrancasantiago.com\/#\/schema\/person\/image\/\",\"url\":\"https:\/\/secure.gravatar.com\/avatar\/1ff4cc1d3cbe810ce69a34f5e275a40730288eb7c1925f7841092e6857ccba93?s=96&d=mm&r=g\",\"contentUrl\":\"https:\/\/secure.gravatar.com\/avatar\/1ff4cc1d3cbe810ce69a34f5e275a40730288eb7c1925f7841092e6857ccba93?s=96&d=mm&r=g\",\"caption\":\"victor\"},\"url\":\"https:\/\/zonafrancasantiago.com\/en\/author\/victor\/\"}]}<\/script>\n<!-- \/ Yoast SEO plugin. -->","yoast_head_json":{"title":"La Navidad inicia en PlaZona - Corporaci\u00f3n Zona Franca Santiago","robots":{"index":"index","follow":"follow","max-snippet":"max-snippet:-1","max-image-preview":"max-image-preview:large","max-video-preview":"max-video-preview:-1"},"canonical":"https:\/\/zonafrancasantiago.com\/la-navidad-inicia-en-plazona\/","og_locale":"en_US","og_type":"article","og_title":"La Navidad inicia en PlaZona - Corporaci\u00f3n Zona Franca Santiago","og_description":"El concierto a cargo de la Banda Sinf\u00f3nica Juvenil del Instituto de Cultura y Arte (ICA), dirigida por el profesor Porfirio M\u00e9ndez, le dio la bienvenida a la Navidad desde PlaZona. En el coraz\u00f3n de la comunidad fueron interpretadas exitosas composiciones del cancionero dominicano como \u201cSantiago en Coche\u201d, \u201cSalsa pa\u00b4tu lech\u00f3n\u201d, entre otras. La actividad [&hellip;]","og_url":"https:\/\/zonafrancasantiago.com\/la-navidad-inicia-en-plazona\/","og_site_name":"Corporaci\u00f3n Zona Franca Santiago","article_publisher":"https:\/\/www.facebook.com\/CZFSantiago","article_published_time":"2019-11-29T21:02:26+00:00","og_image":[{"width":2560,"height":1711,"url":"https:\/\/zonafrancasantiago.com\/wp-content\/uploads\/2019\/12\/CAF_1505-scaled.jpg","type":"image\/jpeg"}],"author":"victor","twitter_card":"summary_large_image","twitter_creator":"@czfsantiagord","twitter_site":"@czfsantiagord","twitter_misc":{"Written by":"victor","Est. reading time":"1 minute"},"schema":{"@context":"https:\/\/schema.org","@graph":[{"@type":"Article","@id":"https:\/\/zonafrancasantiago.com\/la-navidad-inicia-en-plazona\/#article","isPartOf":{"@id":"https:\/\/zonafrancasantiago.com\/la-navidad-inicia-en-plazona\/"},"author":{"name":"victor","@id":"https:\/\/zonafrancasantiago.com\/#\/schema\/person\/231fdb0cbe334af0f09f36c18b373b97"},"headline":"La Navidad inicia en PlaZona","datePublished":"2019-11-29T21:02:26+00:00","mainEntityOfPage":{"@id":"https:\/\/zonafrancasantiago.com\/la-navidad-inicia-en-plazona\/"},"wordCount":163,"commentCount":0,"publisher":{"@id":"https:\/\/zonafrancasantiago.com\/#organization"},"image":{"@id":"https:\/\/zonafrancasantiago.com\/la-navidad-inicia-en-plazona\/#primaryimage"},"thumbnailUrl":"https:\/\/zonafrancasantiago.com\/wp-content\/uploads\/2019\/12\/CAF_1505-scaled.jpg","articleSection":["Sin categorizar"],"inLanguage":"en-US","potentialAction":[{"@type":"CommentAction","name":"Comment","target":["https:\/\/zonafrancasantiago.com\/la-navidad-inicia-en-plazona\/#respond"]}]},{"@type":"WebPage","@id":"https:\/\/zonafrancasantiago.com\/la-navidad-inicia-en-plazona\/","url":"https:\/\/zonafrancasantiago.com\/la-navidad-inicia-en-plazona\/","name":"La Navidad inicia en PlaZona - Corporaci\u00f3n Zona Franca Santiago","isPartOf":{"@id":"https:\/\/zonafrancasantiago.com\/#website"},"primaryImageOfPage":{"@id":"https:\/\/zonafrancasantiago.com\/la-navidad-inicia-en-plazona\/#primaryimage"},"image":{"@id":"https:\/\/zonafrancasantiago.com\/la-navidad-inicia-en-plazona\/#primaryimage"},"thumbnailUrl":"https:\/\/zonafrancasantiago.com\/wp-content\/uploads\/2019\/12\/CAF_1505-scaled.jpg","datePublished":"2019-11-29T21:02:26+00:00","breadcrumb":{"@id":"https:\/\/zonafrancasantiago.com\/la-navidad-inicia-en-plazona\/#breadcrumb"},"inLanguage":"en-US","potentialAction":[{"@type":"ReadAction","target":["https:\/\/zonafrancasantiago.com\/la-navidad-inicia-en-plazona\/"]}]},{"@type":"ImageObject","inLanguage":"en-US","@id":"https:\/\/zonafrancasantiago.com\/la-navidad-inicia-en-plazona\/#primaryimage","url":"https:\/\/zonafrancasantiago.com\/wp-content\/uploads\/2019\/12\/CAF_1505-scaled.jpg","contentUrl":"https:\/\/zonafrancasantiago.com\/wp-content\/uploads\/2019\/12\/CAF_1505-scaled.jpg","width":2560,"height":1711},{"@type":"BreadcrumbList","@id":"https:\/\/zonafrancasantiago.com\/la-navidad-inicia-en-plazona\/#breadcrumb","itemListElement":[{"@type":"ListItem","position":1,"name":"Portada","item":"https:\/\/zonafrancasantiago.com\/en\/"},{"@type":"ListItem","position":2,"name":"La Navidad inicia en PlaZona"}]},{"@type":"WebSite","@id":"https:\/\/zonafrancasantiago.com\/#website","url":"https:\/\/zonafrancasantiago.com\/","name":"Corporaci\u00f3n Zona Franca Santiago","description":"","publisher":{"@id":"https:\/\/zonafrancasantiago.com\/#organization"},"potentialAction":[{"@type":"SearchAction","target":{"@type":"EntryPoint","urlTemplate":"https:\/\/zonafrancasantiago.com\/?s={search_term_string}"},"query-input":{"@type":"PropertyValueSpecification","valueRequired":true,"valueName":"search_term_string"}}],"inLanguage":"en-US"},{"@type":"Organization","@id":"https:\/\/zonafrancasantiago.com\/#organization","name":"Corporaci\u00f3n Zona Franca Santiago","url":"https:\/\/zonafrancasantiago.com\/","logo":{"@type":"ImageObject","inLanguage":"en-US","@id":"https:\/\/zonafrancasantiago.com\/#\/schema\/logo\/image\/","url":"https:\/\/zonafrancasantiago.com\/wp-content\/uploads\/2024\/04\/zonafranca-logo.png","contentUrl":"https:\/\/zonafrancasantiago.com\/wp-content\/uploads\/2024\/04\/zonafranca-logo.png","width":245,"height":84,"caption":"Corporaci\u00f3n Zona Franca Santiago"},"image":{"@id":"https:\/\/zonafrancasantiago.com\/#\/schema\/logo\/image\/"},"sameAs":["https:\/\/www.facebook.com\/CZFSantiago","https:\/\/x.com\/czfsantiagord","https:\/\/www.instagram.com\/czfsantiago\/","https:\/\/www.linkedin.com\/company\/corporacin-zona-franca-santiago\/","https:\/\/www.youtube.com\/@CZFSantiago"]},{"@type":"Person","@id":"https:\/\/zonafrancasantiago.com\/#\/schema\/person\/231fdb0cbe334af0f09f36c18b373b97","name":"victor","image":{"@type":"ImageObject","inLanguage":"en-US","@id":"https:\/\/zonafrancasantiago.com\/#\/schema\/person\/image\/","url":"https:\/\/secure.gravatar.com\/avatar\/1ff4cc1d3cbe810ce69a34f5e275a40730288eb7c1925f7841092e6857ccba93?s=96&d=mm&r=g","contentUrl":"https:\/\/secure.gravatar.com\/avatar\/1ff4cc1d3cbe810ce69a34f5e275a40730288eb7c1925f7841092e6857ccba93?s=96&d=mm&r=g","caption":"victor"},"url":"https:\/\/zonafrancasantiago.com\/en\/author\/victor\/"}]}},"_links":{"self":[{"href":"https:\/\/zonafrancasantiago.com\/en\/wp-json\/wp\/v2\/posts\/2438","targetHints":{"allow":["GET"]}}],"collection":[{"href":"https:\/\/zonafrancasantiago.com\/en\/wp-json\/wp\/v2\/posts"}],"about":[{"href":"https:\/\/zonafrancasantiago.com\/en\/wp-json\/wp\/v2\/types\/post"}],"author":[{"embeddable":true,"href":"https:\/\/zonafrancasantiago.com\/en\/wp-json\/wp\/v2\/users\/8"}],"replies":[{"embeddable":true,"href":"https:\/\/zonafrancasantiago.com\/en\/wp-json\/wp\/v2\/comments?post=2438"}],"version-history":[{"count":0,"href":"https:\/\/zonafrancasantiago.com\/en\/wp-json\/wp\/v2\/posts\/2438\/revisions"}],"wp:featuredmedia":[{"embeddable":true,"href":"https:\/\/zonafrancasantiago.com\/en\/wp-json\/wp\/v2\/media\/2439"}],"wp:attachment":[{"href":"https:\/\/zonafrancasantiago.com\/en\/wp-json\/wp\/v2\/media?parent=2438"}],"wp:term":[{"taxonomy":"category","embeddable":true,"href":"https:\/\/zonafrancasantiago.com\/en\/wp-json\/wp\/v2\/categories?post=2438"},{"taxonomy":"post_tag","embeddable":true,"href":"https:\/\/zonafrancasantiago.com\/en\/wp-json\/wp\/v2\/tags?post=2438"}],"curies":[{"name":"wp","href":"https:\/\/api.w.org\/{rel}","templated":true}]}}