{"id":3325,"date":"2020-02-25T21:48:01","date_gmt":"2020-02-25T20:48:01","guid":{"rendered":"https:\/\/www.zonafrancasantiago.com\/?p=3325"},"modified":"2020-02-25T21:48:01","modified_gmt":"2020-02-25T20:48:01","slug":"miguel-lama-un-empresario-de-actitud-mental-positiva","status":"publish","type":"post","link":"https:\/\/zonafrancasantiago.com\/en\/miguel-lama-un-empresario-de-actitud-mental-positiva\/","title":{"rendered":"Miguel Lama, un empresario de Actitud Mental Positiva"},"content":{"rendered":"<p>La Fundaci\u00f3n Innovati reconoci\u00f3 a diez personalidades por sus aportes al desarrollo del pa\u00eds, durante una actividad anual con empresarios de la Rep\u00fablica Dominicana.<\/p>\n<p>En la ceremonia, el empresario Miguel Lama Rodr\u00edguez, presidente de Notions Group y del consejo directivo de la Corporaci\u00f3n Zona Franca Santiago (CZFS), recibi\u00f3 el galard\u00f3n \u201cActitud Mental Positiva\u201d en la categor\u00eda Empresa, por su aporte positivo en valores y por ser ejemplo de liderazgo para el pa\u00eds.<\/p>\n<p>El significativo honor tambi\u00e9n recay\u00f3 en Luis Molina Ach\u00e9car; en la categor\u00eda Academia y Educaci\u00f3n V\u00edctor G\u00f3mez-Valenzuela y Rosa M. Bonetti; Jos\u00e9 M\u00e1rmol y Jos\u00e9 Sili\u00e9, en Sector Profesional; Rafael Ovalles y David Collado, en Sector P\u00fablico; y a t\u00edtulo p\u00f3stumo a Fernando Rainieri Soto.<\/p>\n<p>A trav\u00e9s de sus labores, la Fundaci\u00f3n Innovati crea valor mediante la cultura del emprendimiento e innovaci\u00f3n, siendo agentes de cambio tangible y duradero. Sus acciones est\u00e1n dirigidas al sector productivo, instituciones gubernamentales y acad\u00e9micas, con el objetivo de construir mejores organizaciones y un mundo mejor.<\/p>\n","protected":false},"excerpt":{"rendered":"<p>La Fundaci\u00f3n Innovati reconoci\u00f3 a diez personalidades por sus aportes al desarrollo del pa\u00eds, durante una actividad anual con empresarios de la Rep\u00fablica Dominicana. En la ceremonia, el empresario Miguel Lama Rodr\u00edguez, presidente de Notions Group y del consejo directivo de la Corporaci\u00f3n Zona Franca Santiago (CZFS), recibi\u00f3 el galard\u00f3n \u201cActitud Mental Positiva\u201d en la [&hellip;]<\/p>\n","protected":false},"author":8,"featured_media":3343,"comment_status":"open","ping_status":"open","sticky":false,"template":"","format":"standard","meta":{"footnotes":""},"categories":[1],"tags":[],"class_list":["post-3325","post","type-post","status-publish","format-standard","has-post-thumbnail","hentry","category-sin-categorizar"],"yoast_head":"<!-- This site is optimized with the Yoast SEO plugin v25.7 - https:\/\/yoast.com\/wordpress\/plugins\/seo\/ -->\n<title>Miguel Lama, un empresario de Actitud Mental Positiva - Corporaci\u00f3n Zona Franca Santiago<\/title>\n<meta name=\"robots\" content=\"index, follow, max-snippet:-1, max-image-preview:large, max-video-preview:-1\" \/>\n<link rel=\"canonical\" href=\"https:\/\/zonafrancasantiago.com\/miguel-lama-un-empresario-de-actitud-mental-positiva\/\" \/>\n<meta property=\"og:locale\" content=\"en_US\" \/>\n<meta property=\"og:type\" content=\"article\" \/>\n<meta property=\"og:title\" content=\"Miguel Lama, un empresario de Actitud Mental Positiva - Corporaci\u00f3n Zona Franca Santiago\" \/>\n<meta property=\"og:description\" content=\"La Fundaci\u00f3n Innovati reconoci\u00f3 a diez personalidades por sus aportes al desarrollo del pa\u00eds, durante una actividad anual con empresarios de la Rep\u00fablica Dominicana. En la ceremonia, el empresario Miguel Lama Rodr\u00edguez, presidente de Notions Group y del consejo directivo de la Corporaci\u00f3n Zona Franca Santiago (CZFS), recibi\u00f3 el galard\u00f3n \u201cActitud Mental Positiva\u201d en la [&hellip;]\" \/>\n<meta property=\"og:url\" content=\"https:\/\/zonafrancasantiago.com\/miguel-lama-un-empresario-de-actitud-mental-positiva\/\" \/>\n<meta property=\"og:site_name\" content=\"Corporaci\u00f3n Zona Franca Santiago\" \/>\n<meta property=\"article:publisher\" content=\"https:\/\/www.facebook.com\/CZFSantiago\" \/>\n<meta property=\"article:published_time\" content=\"2020-02-25T20:48:01+00:00\" \/>\n<meta property=\"og:image\" content=\"https:\/\/zonafrancasantiago.com\/wp-content\/uploads\/2020\/03\/CAF_6975-scaled.jpeg\" \/>\n\t<meta property=\"og:image:width\" content=\"2560\" \/>\n\t<meta property=\"og:image:height\" content=\"1708\" \/>\n\t<meta property=\"og:image:type\" content=\"image\/jpeg\" \/>\n<meta name=\"author\" content=\"victor\" \/>\n<meta name=\"twitter:card\" content=\"summary_large_image\" \/>\n<meta name=\"twitter:creator\" content=\"@czfsantiagord\" \/>\n<meta name=\"twitter:site\" content=\"@czfsantiagord\" \/>\n<meta name=\"twitter:label1\" content=\"Written by\" \/>\n\t<meta name=\"twitter:data1\" content=\"victor\" \/>\n\t<meta name=\"twitter:label2\" content=\"Est. reading time\" \/>\n\t<meta name=\"twitter:data2\" content=\"1 minute\" \/>\n<script type=\"application\/ld+json\" class=\"yoast-schema-graph\">{\"@context\":\"https:\/\/schema.org\",\"@graph\":[{\"@type\":\"Article\",\"@id\":\"https:\/\/zonafrancasantiago.com\/miguel-lama-un-empresario-de-actitud-mental-positiva\/#article\",\"isPartOf\":{\"@id\":\"https:\/\/zonafrancasantiago.com\/miguel-lama-un-empresario-de-actitud-mental-positiva\/\"},\"author\":{\"name\":\"victor\",\"@id\":\"https:\/\/zonafrancasantiago.com\/#\/schema\/person\/231fdb0cbe334af0f09f36c18b373b97\"},\"headline\":\"Miguel Lama, un empresario de Actitud Mental Positiva\",\"datePublished\":\"2020-02-25T20:48:01+00:00\",\"mainEntityOfPage\":{\"@id\":\"https:\/\/zonafrancasantiago.com\/miguel-lama-un-empresario-de-actitud-mental-positiva\/\"},\"wordCount\":194,\"commentCount\":0,\"publisher\":{\"@id\":\"https:\/\/zonafrancasantiago.com\/#organization\"},\"image\":{\"@id\":\"https:\/\/zonafrancasantiago.com\/miguel-lama-un-empresario-de-actitud-mental-positiva\/#primaryimage\"},\"thumbnailUrl\":\"https:\/\/zonafrancasantiago.com\/wp-content\/uploads\/2020\/03\/CAF_6975-scaled.jpeg\",\"articleSection\":[\"Sin categorizar\"],\"inLanguage\":\"en-US\",\"potentialAction\":[{\"@type\":\"CommentAction\",\"name\":\"Comment\",\"target\":[\"https:\/\/zonafrancasantiago.com\/miguel-lama-un-empresario-de-actitud-mental-positiva\/#respond\"]}]},{\"@type\":\"WebPage\",\"@id\":\"https:\/\/zonafrancasantiago.com\/miguel-lama-un-empresario-de-actitud-mental-positiva\/\",\"url\":\"https:\/\/zonafrancasantiago.com\/miguel-lama-un-empresario-de-actitud-mental-positiva\/\",\"name\":\"Miguel Lama, un empresario de Actitud Mental Positiva - Corporaci\u00f3n Zona Franca Santiago\",\"isPartOf\":{\"@id\":\"https:\/\/zonafrancasantiago.com\/#website\"},\"primaryImageOfPage\":{\"@id\":\"https:\/\/zonafrancasantiago.com\/miguel-lama-un-empresario-de-actitud-mental-positiva\/#primaryimage\"},\"image\":{\"@id\":\"https:\/\/zonafrancasantiago.com\/miguel-lama-un-empresario-de-actitud-mental-positiva\/#primaryimage\"},\"thumbnailUrl\":\"https:\/\/zonafrancasantiago.com\/wp-content\/uploads\/2020\/03\/CAF_6975-scaled.jpeg\",\"datePublished\":\"2020-02-25T20:48:01+00:00\",\"breadcrumb\":{\"@id\":\"https:\/\/zonafrancasantiago.com\/miguel-lama-un-empresario-de-actitud-mental-positiva\/#breadcrumb\"},\"inLanguage\":\"en-US\",\"potentialAction\":[{\"@type\":\"ReadAction\",\"target\":[\"https:\/\/zonafrancasantiago.com\/miguel-lama-un-empresario-de-actitud-mental-positiva\/\"]}]},{\"@type\":\"ImageObject\",\"inLanguage\":\"en-US\",\"@id\":\"https:\/\/zonafrancasantiago.com\/miguel-lama-un-empresario-de-actitud-mental-positiva\/#primaryimage\",\"url\":\"https:\/\/zonafrancasantiago.com\/wp-content\/uploads\/2020\/03\/CAF_6975-scaled.jpeg\",\"contentUrl\":\"https:\/\/zonafrancasantiago.com\/wp-content\/uploads\/2020\/03\/CAF_6975-scaled.jpeg\",\"width\":2560,\"height\":1708},{\"@type\":\"BreadcrumbList\",\"@id\":\"https:\/\/zonafrancasantiago.com\/miguel-lama-un-empresario-de-actitud-mental-positiva\/#breadcrumb\",\"itemListElement\":[{\"@type\":\"ListItem\",\"position\":1,\"name\":\"Portada\",\"item\":\"https:\/\/zonafrancasantiago.com\/en\/\"},{\"@type\":\"ListItem\",\"position\":2,\"name\":\"Miguel Lama, un empresario de Actitud Mental Positiva\"}]},{\"@type\":\"WebSite\",\"@id\":\"https:\/\/zonafrancasantiago.com\/#website\",\"url\":\"https:\/\/zonafrancasantiago.com\/\",\"name\":\"Corporaci\u00f3n Zona Franca Santiago\",\"description\":\"\",\"publisher\":{\"@id\":\"https:\/\/zonafrancasantiago.com\/#organization\"},\"potentialAction\":[{\"@type\":\"SearchAction\",\"target\":{\"@type\":\"EntryPoint\",\"urlTemplate\":\"https:\/\/zonafrancasantiago.com\/?s={search_term_string}\"},\"query-input\":{\"@type\":\"PropertyValueSpecification\",\"valueRequired\":true,\"valueName\":\"search_term_string\"}}],\"inLanguage\":\"en-US\"},{\"@type\":\"Organization\",\"@id\":\"https:\/\/zonafrancasantiago.com\/#organization\",\"name\":\"Corporaci\u00f3n Zona Franca Santiago\",\"url\":\"https:\/\/zonafrancasantiago.com\/\",\"logo\":{\"@type\":\"ImageObject\",\"inLanguage\":\"en-US\",\"@id\":\"https:\/\/zonafrancasantiago.com\/#\/schema\/logo\/image\/\",\"url\":\"https:\/\/zonafrancasantiago.com\/wp-content\/uploads\/2024\/04\/zonafranca-logo.png\",\"contentUrl\":\"https:\/\/zonafrancasantiago.com\/wp-content\/uploads\/2024\/04\/zonafranca-logo.png\",\"width\":245,\"height\":84,\"caption\":\"Corporaci\u00f3n Zona Franca Santiago\"},\"image\":{\"@id\":\"https:\/\/zonafrancasantiago.com\/#\/schema\/logo\/image\/\"},\"sameAs\":[\"https:\/\/www.facebook.com\/CZFSantiago\",\"https:\/\/x.com\/czfsantiagord\",\"https:\/\/www.instagram.com\/czfsantiago\/\",\"https:\/\/www.linkedin.com\/company\/corporacin-zona-franca-santiago\/\",\"https:\/\/www.youtube.com\/@CZFSantiago\"]},{\"@type\":\"Person\",\"@id\":\"https:\/\/zonafrancasantiago.com\/#\/schema\/person\/231fdb0cbe334af0f09f36c18b373b97\",\"name\":\"victor\",\"image\":{\"@type\":\"ImageObject\",\"inLanguage\":\"en-US\",\"@id\":\"https:\/\/zonafrancasantiago.com\/#\/schema\/person\/image\/\",\"url\":\"https:\/\/secure.gravatar.com\/avatar\/1ff4cc1d3cbe810ce69a34f5e275a40730288eb7c1925f7841092e6857ccba93?s=96&d=mm&r=g\",\"contentUrl\":\"https:\/\/secure.gravatar.com\/avatar\/1ff4cc1d3cbe810ce69a34f5e275a40730288eb7c1925f7841092e6857ccba93?s=96&d=mm&r=g\",\"caption\":\"victor\"},\"url\":\"https:\/\/zonafrancasantiago.com\/en\/author\/victor\/\"}]}<\/script>\n<!-- \/ Yoast SEO plugin. -->","yoast_head_json":{"title":"Miguel Lama, un empresario de Actitud Mental Positiva - Corporaci\u00f3n Zona Franca Santiago","robots":{"index":"index","follow":"follow","max-snippet":"max-snippet:-1","max-image-preview":"max-image-preview:large","max-video-preview":"max-video-preview:-1"},"canonical":"https:\/\/zonafrancasantiago.com\/miguel-lama-un-empresario-de-actitud-mental-positiva\/","og_locale":"en_US","og_type":"article","og_title":"Miguel Lama, un empresario de Actitud Mental Positiva - Corporaci\u00f3n Zona Franca Santiago","og_description":"La Fundaci\u00f3n Innovati reconoci\u00f3 a diez personalidades por sus aportes al desarrollo del pa\u00eds, durante una actividad anual con empresarios de la Rep\u00fablica Dominicana. En la ceremonia, el empresario Miguel Lama Rodr\u00edguez, presidente de Notions Group y del consejo directivo de la Corporaci\u00f3n Zona Franca Santiago (CZFS), recibi\u00f3 el galard\u00f3n \u201cActitud Mental Positiva\u201d en la [&hellip;]","og_url":"https:\/\/zonafrancasantiago.com\/miguel-lama-un-empresario-de-actitud-mental-positiva\/","og_site_name":"Corporaci\u00f3n Zona Franca Santiago","article_publisher":"https:\/\/www.facebook.com\/CZFSantiago","article_published_time":"2020-02-25T20:48:01+00:00","og_image":[{"width":2560,"height":1708,"url":"https:\/\/zonafrancasantiago.com\/wp-content\/uploads\/2020\/03\/CAF_6975-scaled.jpeg","type":"image\/jpeg"}],"author":"victor","twitter_card":"summary_large_image","twitter_creator":"@czfsantiagord","twitter_site":"@czfsantiagord","twitter_misc":{"Written by":"victor","Est. reading time":"1 minute"},"schema":{"@context":"https:\/\/schema.org","@graph":[{"@type":"Article","@id":"https:\/\/zonafrancasantiago.com\/miguel-lama-un-empresario-de-actitud-mental-positiva\/#article","isPartOf":{"@id":"https:\/\/zonafrancasantiago.com\/miguel-lama-un-empresario-de-actitud-mental-positiva\/"},"author":{"name":"victor","@id":"https:\/\/zonafrancasantiago.com\/#\/schema\/person\/231fdb0cbe334af0f09f36c18b373b97"},"headline":"Miguel Lama, un empresario de Actitud Mental Positiva","datePublished":"2020-02-25T20:48:01+00:00","mainEntityOfPage":{"@id":"https:\/\/zonafrancasantiago.com\/miguel-lama-un-empresario-de-actitud-mental-positiva\/"},"wordCount":194,"commentCount":0,"publisher":{"@id":"https:\/\/zonafrancasantiago.com\/#organization"},"image":{"@id":"https:\/\/zonafrancasantiago.com\/miguel-lama-un-empresario-de-actitud-mental-positiva\/#primaryimage"},"thumbnailUrl":"https:\/\/zonafrancasantiago.com\/wp-content\/uploads\/2020\/03\/CAF_6975-scaled.jpeg","articleSection":["Sin categorizar"],"inLanguage":"en-US","potentialAction":[{"@type":"CommentAction","name":"Comment","target":["https:\/\/zonafrancasantiago.com\/miguel-lama-un-empresario-de-actitud-mental-positiva\/#respond"]}]},{"@type":"WebPage","@id":"https:\/\/zonafrancasantiago.com\/miguel-lama-un-empresario-de-actitud-mental-positiva\/","url":"https:\/\/zonafrancasantiago.com\/miguel-lama-un-empresario-de-actitud-mental-positiva\/","name":"Miguel Lama, un empresario de Actitud Mental Positiva - Corporaci\u00f3n Zona Franca Santiago","isPartOf":{"@id":"https:\/\/zonafrancasantiago.com\/#website"},"primaryImageOfPage":{"@id":"https:\/\/zonafrancasantiago.com\/miguel-lama-un-empresario-de-actitud-mental-positiva\/#primaryimage"},"image":{"@id":"https:\/\/zonafrancasantiago.com\/miguel-lama-un-empresario-de-actitud-mental-positiva\/#primaryimage"},"thumbnailUrl":"https:\/\/zonafrancasantiago.com\/wp-content\/uploads\/2020\/03\/CAF_6975-scaled.jpeg","datePublished":"2020-02-25T20:48:01+00:00","breadcrumb":{"@id":"https:\/\/zonafrancasantiago.com\/miguel-lama-un-empresario-de-actitud-mental-positiva\/#breadcrumb"},"inLanguage":"en-US","potentialAction":[{"@type":"ReadAction","target":["https:\/\/zonafrancasantiago.com\/miguel-lama-un-empresario-de-actitud-mental-positiva\/"]}]},{"@type":"ImageObject","inLanguage":"en-US","@id":"https:\/\/zonafrancasantiago.com\/miguel-lama-un-empresario-de-actitud-mental-positiva\/#primaryimage","url":"https:\/\/zonafrancasantiago.com\/wp-content\/uploads\/2020\/03\/CAF_6975-scaled.jpeg","contentUrl":"https:\/\/zonafrancasantiago.com\/wp-content\/uploads\/2020\/03\/CAF_6975-scaled.jpeg","width":2560,"height":1708},{"@type":"BreadcrumbList","@id":"https:\/\/zonafrancasantiago.com\/miguel-lama-un-empresario-de-actitud-mental-positiva\/#breadcrumb","itemListElement":[{"@type":"ListItem","position":1,"name":"Portada","item":"https:\/\/zonafrancasantiago.com\/en\/"},{"@type":"ListItem","position":2,"name":"Miguel Lama, un empresario de Actitud Mental Positiva"}]},{"@type":"WebSite","@id":"https:\/\/zonafrancasantiago.com\/#website","url":"https:\/\/zonafrancasantiago.com\/","name":"Corporaci\u00f3n Zona Franca Santiago","description":"","publisher":{"@id":"https:\/\/zonafrancasantiago.com\/#organization"},"potentialAction":[{"@type":"SearchAction","target":{"@type":"EntryPoint","urlTemplate":"https:\/\/zonafrancasantiago.com\/?s={search_term_string}"},"query-input":{"@type":"PropertyValueSpecification","valueRequired":true,"valueName":"search_term_string"}}],"inLanguage":"en-US"},{"@type":"Organization","@id":"https:\/\/zonafrancasantiago.com\/#organization","name":"Corporaci\u00f3n Zona Franca Santiago","url":"https:\/\/zonafrancasantiago.com\/","logo":{"@type":"ImageObject","inLanguage":"en-US","@id":"https:\/\/zonafrancasantiago.com\/#\/schema\/logo\/image\/","url":"https:\/\/zonafrancasantiago.com\/wp-content\/uploads\/2024\/04\/zonafranca-logo.png","contentUrl":"https:\/\/zonafrancasantiago.com\/wp-content\/uploads\/2024\/04\/zonafranca-logo.png","width":245,"height":84,"caption":"Corporaci\u00f3n Zona Franca Santiago"},"image":{"@id":"https:\/\/zonafrancasantiago.com\/#\/schema\/logo\/image\/"},"sameAs":["https:\/\/www.facebook.com\/CZFSantiago","https:\/\/x.com\/czfsantiagord","https:\/\/www.instagram.com\/czfsantiago\/","https:\/\/www.linkedin.com\/company\/corporacin-zona-franca-santiago\/","https:\/\/www.youtube.com\/@CZFSantiago"]},{"@type":"Person","@id":"https:\/\/zonafrancasantiago.com\/#\/schema\/person\/231fdb0cbe334af0f09f36c18b373b97","name":"victor","image":{"@type":"ImageObject","inLanguage":"en-US","@id":"https:\/\/zonafrancasantiago.com\/#\/schema\/person\/image\/","url":"https:\/\/secure.gravatar.com\/avatar\/1ff4cc1d3cbe810ce69a34f5e275a40730288eb7c1925f7841092e6857ccba93?s=96&d=mm&r=g","contentUrl":"https:\/\/secure.gravatar.com\/avatar\/1ff4cc1d3cbe810ce69a34f5e275a40730288eb7c1925f7841092e6857ccba93?s=96&d=mm&r=g","caption":"victor"},"url":"https:\/\/zonafrancasantiago.com\/en\/author\/victor\/"}]}},"_links":{"self":[{"href":"https:\/\/zonafrancasantiago.com\/en\/wp-json\/wp\/v2\/posts\/3325","targetHints":{"allow":["GET"]}}],"collection":[{"href":"https:\/\/zonafrancasantiago.com\/en\/wp-json\/wp\/v2\/posts"}],"about":[{"href":"https:\/\/zonafrancasantiago.com\/en\/wp-json\/wp\/v2\/types\/post"}],"author":[{"embeddable":true,"href":"https:\/\/zonafrancasantiago.com\/en\/wp-json\/wp\/v2\/users\/8"}],"replies":[{"embeddable":true,"href":"https:\/\/zonafrancasantiago.com\/en\/wp-json\/wp\/v2\/comments?post=3325"}],"version-history":[{"count":0,"href":"https:\/\/zonafrancasantiago.com\/en\/wp-json\/wp\/v2\/posts\/3325\/revisions"}],"wp:featuredmedia":[{"embeddable":true,"href":"https:\/\/zonafrancasantiago.com\/en\/wp-json\/wp\/v2\/media\/3343"}],"wp:attachment":[{"href":"https:\/\/zonafrancasantiago.com\/en\/wp-json\/wp\/v2\/media?parent=3325"}],"wp:term":[{"taxonomy":"category","embeddable":true,"href":"https:\/\/zonafrancasantiago.com\/en\/wp-json\/wp\/v2\/categories?post=3325"},{"taxonomy":"post_tag","embeddable":true,"href":"https:\/\/zonafrancasantiago.com\/en\/wp-json\/wp\/v2\/tags?post=3325"}],"curies":[{"name":"wp","href":"https:\/\/api.w.org\/{rel}","templated":true}]}}