{"id":5753,"date":"2020-12-14T17:13:39","date_gmt":"2020-12-14T16:13:39","guid":{"rendered":"https:\/\/www.zonafrancasantiago.com\/?p=5753"},"modified":"2024-05-10T17:31:11","modified_gmt":"2024-05-10T15:31:11","slug":"produccion-sustentable-para-mitigar-el-impacto-al-ambiente","status":"publish","type":"post","link":"https:\/\/zonafrancasantiago.com\/en\/produccion-sustentable-para-mitigar-el-impacto-al-ambiente\/","title":{"rendered":"Producci\u00f3n sustentable para mitigar el impacto al ambiente"},"content":{"rendered":"<p>El Yaque del Norte es la principal vena acu\u00edfera de la Rep\u00fablica Dominicana. Preservarla es un compromiso colectivo que debe emanar desde el Estado y ser asumido por los diferentes sectores del pa\u00eds.<\/p>\n<p>Desde la industria, es fundamental tratar las aguas antes de descargar a los r\u00edos. En la producci\u00f3n de bienes y servicios, el agua es un recurso de alto consumo, as\u00ed como en las labores dom\u00e9sticas y cotidianas de cada individuo.<\/p>\n<p>Ah\u00ed radica la importancia de la Planta de Tratamiento que desde su g\u00e9nesis instal\u00f3 la Corporaci\u00f3n Zona Franca Santiago.<\/p>\n<p>Gioconda Castillo, coordinadora de la Planta de Tratamiento, informa que las aguas utilizadas en los procesos de la industria no pueden ir al r\u00edo directamente.<\/p>\n<p>La especialista en Gesti\u00f3n Ambiental y en depuraci\u00f3n de agua residual, reconoce que desde la construcci\u00f3n del Parque Industrial V\u00edctor Espaillat Mera la Corporaci\u00f3n ha orientado su avance y desarrollo en la sostenibilidad ambiental, para minimizar los riesgos al ambiente.<\/p>\n<p>Castillo informa que aguas contaminadas, sin cumplir con los rigores exigidos por Medio Ambiente no pueden descargar en el r\u00edo Yaque del Norte.<\/p>\n<p>Adem\u00e1s, hace la salvedad que no todas las aguas de la industria deben pasar por una planta de tratamiento. Cada caso se examina por separado.<\/p>\n<p>En tiempos de pandemia cuando el uso del agua es m\u00e1s vital que nunca, Gioconda Castillo hace un llamado a las empresas a tomar conciencia de que su operatividad afecta los recursos naturales; claro, dependiendo de la empresa, porque no todas contaminan en igual magnitud.<\/p>\n<p>Y aprovecha para extender su clamor a la sociedad: \u00a8Santiago est\u00e1 creciendo y demanda mayor cantidad de agua. Si no limpiamos lo que tenemos, nos vamos a morir de sed. El crecimiento de la ciudad genera agua residual y demanda agua potable\u00a8, expres\u00f3 la experta.<\/p>\n<p>A Gioconda le mortifica el lavado de carros de manera irresponsable. Tambi\u00e9n la falta de campa\u00f1as masificadas de siembra de \u00e1rboles y ahorro de agua. Esas acciones tendr\u00edan una repercusi\u00f3n importante en la poblaci\u00f3n, reconoce.<\/p>\n<p>Como elemento positivo destaca los pasos seguros y las grandes inversiones para la producci\u00f3n sustentable que realiza la Corporaci\u00f3n, no solo con la Planta de Tratamiento sino con el cambio de bombillas, grifos para ahorrar el l\u00edquido y la granja de paneles solares para proveer energ\u00eda limpia.<\/p>\n","protected":false},"excerpt":{"rendered":"<p>El Yaque del Norte es la principal vena acu\u00edfera de la Rep\u00fablica Dominicana. Preservarla es un compromiso colectivo que debe emanar desde el Estado y ser asumido por los diferentes sectores del pa\u00eds. Desde la industria, es fundamental tratar las aguas antes de descargar a los r\u00edos. En la producci\u00f3n de bienes y servicios, el [&hellip;]<\/p>\n","protected":false},"author":8,"featured_media":5754,"comment_status":"open","ping_status":"open","sticky":false,"template":"","format":"standard","meta":{"footnotes":""},"categories":[15],"tags":[],"class_list":["post-5753","post","type-post","status-publish","format-standard","has-post-thumbnail","hentry","category-noticias"],"yoast_head":"<!-- This site is optimized with the Yoast SEO plugin v25.7 - https:\/\/yoast.com\/wordpress\/plugins\/seo\/ -->\n<title>Producci\u00f3n sustentable para mitigar el impacto al ambiente - Corporaci\u00f3n Zona Franca Santiago<\/title>\n<meta name=\"robots\" content=\"index, follow, max-snippet:-1, max-image-preview:large, max-video-preview:-1\" \/>\n<link rel=\"canonical\" href=\"https:\/\/zonafrancasantiago.com\/produccion-sustentable-para-mitigar-el-impacto-al-ambiente\/\" \/>\n<meta property=\"og:locale\" content=\"en_US\" \/>\n<meta property=\"og:type\" content=\"article\" \/>\n<meta property=\"og:title\" content=\"Producci\u00f3n sustentable para mitigar el impacto al ambiente - Corporaci\u00f3n Zona Franca Santiago\" \/>\n<meta property=\"og:description\" content=\"El Yaque del Norte es la principal vena acu\u00edfera de la Rep\u00fablica Dominicana. Preservarla es un compromiso colectivo que debe emanar desde el Estado y ser asumido por los diferentes sectores del pa\u00eds. Desde la industria, es fundamental tratar las aguas antes de descargar a los r\u00edos. En la producci\u00f3n de bienes y servicios, el [&hellip;]\" \/>\n<meta property=\"og:url\" content=\"https:\/\/zonafrancasantiago.com\/produccion-sustentable-para-mitigar-el-impacto-al-ambiente\/\" \/>\n<meta property=\"og:site_name\" content=\"Corporaci\u00f3n Zona Franca Santiago\" \/>\n<meta property=\"article:publisher\" content=\"https:\/\/www.facebook.com\/CZFSantiago\" \/>\n<meta property=\"article:published_time\" content=\"2020-12-14T16:13:39+00:00\" \/>\n<meta property=\"article:modified_time\" content=\"2024-05-10T15:31:11+00:00\" \/>\n<meta property=\"og:image\" content=\"https:\/\/zonafrancasantiago.com\/wp-content\/uploads\/2020\/12\/GPP_9413-scaled-1.jpeg\" \/>\n\t<meta property=\"og:image:width\" content=\"2560\" \/>\n\t<meta property=\"og:image:height\" content=\"1709\" \/>\n\t<meta property=\"og:image:type\" content=\"image\/jpeg\" \/>\n<meta name=\"author\" content=\"victor\" \/>\n<meta name=\"twitter:card\" content=\"summary_large_image\" \/>\n<meta name=\"twitter:creator\" content=\"@czfsantiagord\" \/>\n<meta name=\"twitter:site\" content=\"@czfsantiagord\" \/>\n<meta name=\"twitter:label1\" content=\"Written by\" \/>\n\t<meta name=\"twitter:data1\" content=\"victor\" \/>\n\t<meta name=\"twitter:label2\" content=\"Est. reading time\" \/>\n\t<meta name=\"twitter:data2\" content=\"2 minutes\" \/>\n<script type=\"application\/ld+json\" class=\"yoast-schema-graph\">{\"@context\":\"https:\/\/schema.org\",\"@graph\":[{\"@type\":\"Article\",\"@id\":\"https:\/\/zonafrancasantiago.com\/produccion-sustentable-para-mitigar-el-impacto-al-ambiente\/#article\",\"isPartOf\":{\"@id\":\"https:\/\/zonafrancasantiago.com\/produccion-sustentable-para-mitigar-el-impacto-al-ambiente\/\"},\"author\":{\"name\":\"victor\",\"@id\":\"https:\/\/zonafrancasantiago.com\/#\/schema\/person\/231fdb0cbe334af0f09f36c18b373b97\"},\"headline\":\"Producci\u00f3n sustentable para mitigar el impacto al ambiente\",\"datePublished\":\"2020-12-14T16:13:39+00:00\",\"dateModified\":\"2024-05-10T15:31:11+00:00\",\"mainEntityOfPage\":{\"@id\":\"https:\/\/zonafrancasantiago.com\/produccion-sustentable-para-mitigar-el-impacto-al-ambiente\/\"},\"wordCount\":412,\"commentCount\":0,\"publisher\":{\"@id\":\"https:\/\/zonafrancasantiago.com\/#organization\"},\"image\":{\"@id\":\"https:\/\/zonafrancasantiago.com\/produccion-sustentable-para-mitigar-el-impacto-al-ambiente\/#primaryimage\"},\"thumbnailUrl\":\"https:\/\/zonafrancasantiago.com\/wp-content\/uploads\/2020\/12\/GPP_9413-scaled-1.jpeg\",\"articleSection\":[\"Noticias\"],\"inLanguage\":\"en-US\",\"potentialAction\":[{\"@type\":\"CommentAction\",\"name\":\"Comment\",\"target\":[\"https:\/\/zonafrancasantiago.com\/produccion-sustentable-para-mitigar-el-impacto-al-ambiente\/#respond\"]}]},{\"@type\":\"WebPage\",\"@id\":\"https:\/\/zonafrancasantiago.com\/produccion-sustentable-para-mitigar-el-impacto-al-ambiente\/\",\"url\":\"https:\/\/zonafrancasantiago.com\/produccion-sustentable-para-mitigar-el-impacto-al-ambiente\/\",\"name\":\"Producci\u00f3n sustentable para mitigar el impacto al ambiente - Corporaci\u00f3n Zona Franca Santiago\",\"isPartOf\":{\"@id\":\"https:\/\/zonafrancasantiago.com\/#website\"},\"primaryImageOfPage\":{\"@id\":\"https:\/\/zonafrancasantiago.com\/produccion-sustentable-para-mitigar-el-impacto-al-ambiente\/#primaryimage\"},\"image\":{\"@id\":\"https:\/\/zonafrancasantiago.com\/produccion-sustentable-para-mitigar-el-impacto-al-ambiente\/#primaryimage\"},\"thumbnailUrl\":\"https:\/\/zonafrancasantiago.com\/wp-content\/uploads\/2020\/12\/GPP_9413-scaled-1.jpeg\",\"datePublished\":\"2020-12-14T16:13:39+00:00\",\"dateModified\":\"2024-05-10T15:31:11+00:00\",\"breadcrumb\":{\"@id\":\"https:\/\/zonafrancasantiago.com\/produccion-sustentable-para-mitigar-el-impacto-al-ambiente\/#breadcrumb\"},\"inLanguage\":\"en-US\",\"potentialAction\":[{\"@type\":\"ReadAction\",\"target\":[\"https:\/\/zonafrancasantiago.com\/produccion-sustentable-para-mitigar-el-impacto-al-ambiente\/\"]}]},{\"@type\":\"ImageObject\",\"inLanguage\":\"en-US\",\"@id\":\"https:\/\/zonafrancasantiago.com\/produccion-sustentable-para-mitigar-el-impacto-al-ambiente\/#primaryimage\",\"url\":\"https:\/\/zonafrancasantiago.com\/wp-content\/uploads\/2020\/12\/GPP_9413-scaled-1.jpeg\",\"contentUrl\":\"https:\/\/zonafrancasantiago.com\/wp-content\/uploads\/2020\/12\/GPP_9413-scaled-1.jpeg\",\"width\":2560,\"height\":1709},{\"@type\":\"BreadcrumbList\",\"@id\":\"https:\/\/zonafrancasantiago.com\/produccion-sustentable-para-mitigar-el-impacto-al-ambiente\/#breadcrumb\",\"itemListElement\":[{\"@type\":\"ListItem\",\"position\":1,\"name\":\"Portada\",\"item\":\"https:\/\/zonafrancasantiago.com\/en\/\"},{\"@type\":\"ListItem\",\"position\":2,\"name\":\"Producci\u00f3n sustentable para mitigar el impacto al ambiente\"}]},{\"@type\":\"WebSite\",\"@id\":\"https:\/\/zonafrancasantiago.com\/#website\",\"url\":\"https:\/\/zonafrancasantiago.com\/\",\"name\":\"Corporaci\u00f3n Zona Franca Santiago\",\"description\":\"\",\"publisher\":{\"@id\":\"https:\/\/zonafrancasantiago.com\/#organization\"},\"potentialAction\":[{\"@type\":\"SearchAction\",\"target\":{\"@type\":\"EntryPoint\",\"urlTemplate\":\"https:\/\/zonafrancasantiago.com\/?s={search_term_string}\"},\"query-input\":{\"@type\":\"PropertyValueSpecification\",\"valueRequired\":true,\"valueName\":\"search_term_string\"}}],\"inLanguage\":\"en-US\"},{\"@type\":\"Organization\",\"@id\":\"https:\/\/zonafrancasantiago.com\/#organization\",\"name\":\"Corporaci\u00f3n Zona Franca Santiago\",\"url\":\"https:\/\/zonafrancasantiago.com\/\",\"logo\":{\"@type\":\"ImageObject\",\"inLanguage\":\"en-US\",\"@id\":\"https:\/\/zonafrancasantiago.com\/#\/schema\/logo\/image\/\",\"url\":\"https:\/\/zonafrancasantiago.com\/wp-content\/uploads\/2024\/04\/zonafranca-logo.png\",\"contentUrl\":\"https:\/\/zonafrancasantiago.com\/wp-content\/uploads\/2024\/04\/zonafranca-logo.png\",\"width\":245,\"height\":84,\"caption\":\"Corporaci\u00f3n Zona Franca Santiago\"},\"image\":{\"@id\":\"https:\/\/zonafrancasantiago.com\/#\/schema\/logo\/image\/\"},\"sameAs\":[\"https:\/\/www.facebook.com\/CZFSantiago\",\"https:\/\/x.com\/czfsantiagord\",\"https:\/\/www.instagram.com\/czfsantiago\/\",\"https:\/\/www.linkedin.com\/company\/corporacin-zona-franca-santiago\/\",\"https:\/\/www.youtube.com\/@CZFSantiago\"]},{\"@type\":\"Person\",\"@id\":\"https:\/\/zonafrancasantiago.com\/#\/schema\/person\/231fdb0cbe334af0f09f36c18b373b97\",\"name\":\"victor\",\"image\":{\"@type\":\"ImageObject\",\"inLanguage\":\"en-US\",\"@id\":\"https:\/\/zonafrancasantiago.com\/#\/schema\/person\/image\/\",\"url\":\"https:\/\/secure.gravatar.com\/avatar\/1ff4cc1d3cbe810ce69a34f5e275a40730288eb7c1925f7841092e6857ccba93?s=96&d=mm&r=g\",\"contentUrl\":\"https:\/\/secure.gravatar.com\/avatar\/1ff4cc1d3cbe810ce69a34f5e275a40730288eb7c1925f7841092e6857ccba93?s=96&d=mm&r=g\",\"caption\":\"victor\"},\"url\":\"https:\/\/zonafrancasantiago.com\/en\/author\/victor\/\"}]}<\/script>\n<!-- \/ Yoast SEO plugin. -->","yoast_head_json":{"title":"Producci\u00f3n sustentable para mitigar el impacto al ambiente - Corporaci\u00f3n Zona Franca Santiago","robots":{"index":"index","follow":"follow","max-snippet":"max-snippet:-1","max-image-preview":"max-image-preview:large","max-video-preview":"max-video-preview:-1"},"canonical":"https:\/\/zonafrancasantiago.com\/produccion-sustentable-para-mitigar-el-impacto-al-ambiente\/","og_locale":"en_US","og_type":"article","og_title":"Producci\u00f3n sustentable para mitigar el impacto al ambiente - Corporaci\u00f3n Zona Franca Santiago","og_description":"El Yaque del Norte es la principal vena acu\u00edfera de la Rep\u00fablica Dominicana. Preservarla es un compromiso colectivo que debe emanar desde el Estado y ser asumido por los diferentes sectores del pa\u00eds. Desde la industria, es fundamental tratar las aguas antes de descargar a los r\u00edos. En la producci\u00f3n de bienes y servicios, el [&hellip;]","og_url":"https:\/\/zonafrancasantiago.com\/produccion-sustentable-para-mitigar-el-impacto-al-ambiente\/","og_site_name":"Corporaci\u00f3n Zona Franca Santiago","article_publisher":"https:\/\/www.facebook.com\/CZFSantiago","article_published_time":"2020-12-14T16:13:39+00:00","article_modified_time":"2024-05-10T15:31:11+00:00","og_image":[{"width":2560,"height":1709,"url":"https:\/\/zonafrancasantiago.com\/wp-content\/uploads\/2020\/12\/GPP_9413-scaled-1.jpeg","type":"image\/jpeg"}],"author":"victor","twitter_card":"summary_large_image","twitter_creator":"@czfsantiagord","twitter_site":"@czfsantiagord","twitter_misc":{"Written by":"victor","Est. reading time":"2 minutes"},"schema":{"@context":"https:\/\/schema.org","@graph":[{"@type":"Article","@id":"https:\/\/zonafrancasantiago.com\/produccion-sustentable-para-mitigar-el-impacto-al-ambiente\/#article","isPartOf":{"@id":"https:\/\/zonafrancasantiago.com\/produccion-sustentable-para-mitigar-el-impacto-al-ambiente\/"},"author":{"name":"victor","@id":"https:\/\/zonafrancasantiago.com\/#\/schema\/person\/231fdb0cbe334af0f09f36c18b373b97"},"headline":"Producci\u00f3n sustentable para mitigar el impacto al ambiente","datePublished":"2020-12-14T16:13:39+00:00","dateModified":"2024-05-10T15:31:11+00:00","mainEntityOfPage":{"@id":"https:\/\/zonafrancasantiago.com\/produccion-sustentable-para-mitigar-el-impacto-al-ambiente\/"},"wordCount":412,"commentCount":0,"publisher":{"@id":"https:\/\/zonafrancasantiago.com\/#organization"},"image":{"@id":"https:\/\/zonafrancasantiago.com\/produccion-sustentable-para-mitigar-el-impacto-al-ambiente\/#primaryimage"},"thumbnailUrl":"https:\/\/zonafrancasantiago.com\/wp-content\/uploads\/2020\/12\/GPP_9413-scaled-1.jpeg","articleSection":["Noticias"],"inLanguage":"en-US","potentialAction":[{"@type":"CommentAction","name":"Comment","target":["https:\/\/zonafrancasantiago.com\/produccion-sustentable-para-mitigar-el-impacto-al-ambiente\/#respond"]}]},{"@type":"WebPage","@id":"https:\/\/zonafrancasantiago.com\/produccion-sustentable-para-mitigar-el-impacto-al-ambiente\/","url":"https:\/\/zonafrancasantiago.com\/produccion-sustentable-para-mitigar-el-impacto-al-ambiente\/","name":"Producci\u00f3n sustentable para mitigar el impacto al ambiente - Corporaci\u00f3n Zona Franca Santiago","isPartOf":{"@id":"https:\/\/zonafrancasantiago.com\/#website"},"primaryImageOfPage":{"@id":"https:\/\/zonafrancasantiago.com\/produccion-sustentable-para-mitigar-el-impacto-al-ambiente\/#primaryimage"},"image":{"@id":"https:\/\/zonafrancasantiago.com\/produccion-sustentable-para-mitigar-el-impacto-al-ambiente\/#primaryimage"},"thumbnailUrl":"https:\/\/zonafrancasantiago.com\/wp-content\/uploads\/2020\/12\/GPP_9413-scaled-1.jpeg","datePublished":"2020-12-14T16:13:39+00:00","dateModified":"2024-05-10T15:31:11+00:00","breadcrumb":{"@id":"https:\/\/zonafrancasantiago.com\/produccion-sustentable-para-mitigar-el-impacto-al-ambiente\/#breadcrumb"},"inLanguage":"en-US","potentialAction":[{"@type":"ReadAction","target":["https:\/\/zonafrancasantiago.com\/produccion-sustentable-para-mitigar-el-impacto-al-ambiente\/"]}]},{"@type":"ImageObject","inLanguage":"en-US","@id":"https:\/\/zonafrancasantiago.com\/produccion-sustentable-para-mitigar-el-impacto-al-ambiente\/#primaryimage","url":"https:\/\/zonafrancasantiago.com\/wp-content\/uploads\/2020\/12\/GPP_9413-scaled-1.jpeg","contentUrl":"https:\/\/zonafrancasantiago.com\/wp-content\/uploads\/2020\/12\/GPP_9413-scaled-1.jpeg","width":2560,"height":1709},{"@type":"BreadcrumbList","@id":"https:\/\/zonafrancasantiago.com\/produccion-sustentable-para-mitigar-el-impacto-al-ambiente\/#breadcrumb","itemListElement":[{"@type":"ListItem","position":1,"name":"Portada","item":"https:\/\/zonafrancasantiago.com\/en\/"},{"@type":"ListItem","position":2,"name":"Producci\u00f3n sustentable para mitigar el impacto al ambiente"}]},{"@type":"WebSite","@id":"https:\/\/zonafrancasantiago.com\/#website","url":"https:\/\/zonafrancasantiago.com\/","name":"Corporaci\u00f3n Zona Franca Santiago","description":"","publisher":{"@id":"https:\/\/zonafrancasantiago.com\/#organization"},"potentialAction":[{"@type":"SearchAction","target":{"@type":"EntryPoint","urlTemplate":"https:\/\/zonafrancasantiago.com\/?s={search_term_string}"},"query-input":{"@type":"PropertyValueSpecification","valueRequired":true,"valueName":"search_term_string"}}],"inLanguage":"en-US"},{"@type":"Organization","@id":"https:\/\/zonafrancasantiago.com\/#organization","name":"Corporaci\u00f3n Zona Franca Santiago","url":"https:\/\/zonafrancasantiago.com\/","logo":{"@type":"ImageObject","inLanguage":"en-US","@id":"https:\/\/zonafrancasantiago.com\/#\/schema\/logo\/image\/","url":"https:\/\/zonafrancasantiago.com\/wp-content\/uploads\/2024\/04\/zonafranca-logo.png","contentUrl":"https:\/\/zonafrancasantiago.com\/wp-content\/uploads\/2024\/04\/zonafranca-logo.png","width":245,"height":84,"caption":"Corporaci\u00f3n Zona Franca Santiago"},"image":{"@id":"https:\/\/zonafrancasantiago.com\/#\/schema\/logo\/image\/"},"sameAs":["https:\/\/www.facebook.com\/CZFSantiago","https:\/\/x.com\/czfsantiagord","https:\/\/www.instagram.com\/czfsantiago\/","https:\/\/www.linkedin.com\/company\/corporacin-zona-franca-santiago\/","https:\/\/www.youtube.com\/@CZFSantiago"]},{"@type":"Person","@id":"https:\/\/zonafrancasantiago.com\/#\/schema\/person\/231fdb0cbe334af0f09f36c18b373b97","name":"victor","image":{"@type":"ImageObject","inLanguage":"en-US","@id":"https:\/\/zonafrancasantiago.com\/#\/schema\/person\/image\/","url":"https:\/\/secure.gravatar.com\/avatar\/1ff4cc1d3cbe810ce69a34f5e275a40730288eb7c1925f7841092e6857ccba93?s=96&d=mm&r=g","contentUrl":"https:\/\/secure.gravatar.com\/avatar\/1ff4cc1d3cbe810ce69a34f5e275a40730288eb7c1925f7841092e6857ccba93?s=96&d=mm&r=g","caption":"victor"},"url":"https:\/\/zonafrancasantiago.com\/en\/author\/victor\/"}]}},"_links":{"self":[{"href":"https:\/\/zonafrancasantiago.com\/en\/wp-json\/wp\/v2\/posts\/5753","targetHints":{"allow":["GET"]}}],"collection":[{"href":"https:\/\/zonafrancasantiago.com\/en\/wp-json\/wp\/v2\/posts"}],"about":[{"href":"https:\/\/zonafrancasantiago.com\/en\/wp-json\/wp\/v2\/types\/post"}],"author":[{"embeddable":true,"href":"https:\/\/zonafrancasantiago.com\/en\/wp-json\/wp\/v2\/users\/8"}],"replies":[{"embeddable":true,"href":"https:\/\/zonafrancasantiago.com\/en\/wp-json\/wp\/v2\/comments?post=5753"}],"version-history":[{"count":1,"href":"https:\/\/zonafrancasantiago.com\/en\/wp-json\/wp\/v2\/posts\/5753\/revisions"}],"predecessor-version":[{"id":21253,"href":"https:\/\/zonafrancasantiago.com\/en\/wp-json\/wp\/v2\/posts\/5753\/revisions\/21253"}],"wp:featuredmedia":[{"embeddable":true,"href":"https:\/\/zonafrancasantiago.com\/en\/wp-json\/wp\/v2\/media\/5754"}],"wp:attachment":[{"href":"https:\/\/zonafrancasantiago.com\/en\/wp-json\/wp\/v2\/media?parent=5753"}],"wp:term":[{"taxonomy":"category","embeddable":true,"href":"https:\/\/zonafrancasantiago.com\/en\/wp-json\/wp\/v2\/categories?post=5753"},{"taxonomy":"post_tag","embeddable":true,"href":"https:\/\/zonafrancasantiago.com\/en\/wp-json\/wp\/v2\/tags?post=5753"}],"curies":[{"name":"wp","href":"https:\/\/api.w.org\/{rel}","templated":true}]}}