{"id":6558,"date":"2021-02-26T20:00:27","date_gmt":"2021-02-26T19:00:27","guid":{"rendered":"https:\/\/www.zonafrancasantiago.com\/?p=6558"},"modified":"2021-02-26T20:00:27","modified_gmt":"2021-02-26T19:00:27","slug":"educando-para-la-empleabilidad","status":"publish","type":"post","link":"https:\/\/zonafrancasantiago.com\/en\/educando-para-la-empleabilidad\/","title":{"rendered":"Educando para la Empleabilidad"},"content":{"rendered":"<p>La Corporaci\u00f3n Zona Franca Santiago (CZFS) dio inicio a la 3era. entrega del programa de Responsabilidad Social Corporativa \u201cEducaci\u00f3n para la Empleabilidad\u201d, ejecutado por el Centro de Innovaci\u00f3n y Capacitaci\u00f3n Profesional, Capex.<\/p>\n<p>Este proyecto ha impactado de manera positiva a m\u00e1s de 2,600 j\u00f3venes. Tiene como objetivo apoyar a las comunidades de alto riesgo, en la Regi\u00f3n Norte, a trav\u00e9s de destacadas instituciones educativas, para formar a los j\u00f3venes de secundaria en competencias esenciales para su desarrollo integral, as\u00ed como la capacitaci\u00f3n en habilidades que les permitan insertarse y mantenerse en el mercado laboral.<\/p>\n<p>En esta edici\u00f3n, se llevar\u00e1n a cabo Master Classes en formato virtual, enfocadas tanto en Habilidades de Competencias de Empleabilidad, como Habilidades de Empoderamiento Profesional.<\/p>\n<p>Centros participantes en el 2021:<\/p>\n<ul>\n<li>Instituto Polit\u00e9cnico Industrial Don Bosco: 150 participantes.<\/li>\n<li>Instituto Polit\u00e9cnico Ram\u00f3n Dubert Novo: 145 participantes.<\/li>\n<li>Polit\u00e9cnico V\u00edctor Manuel Espaillat Mera: 70 participantes.<\/li>\n<li>Polit\u00e9cnico Plinio Mart\u00ednez: 110 participantes.<\/li>\n<\/ul>\n","protected":false},"excerpt":{"rendered":"<p>La Corporaci\u00f3n Zona Franca Santiago (CZFS) dio inicio a la 3era. entrega del programa de Responsabilidad Social Corporativa \u201cEducaci\u00f3n para la Empleabilidad\u201d, ejecutado por el Centro de Innovaci\u00f3n y Capacitaci\u00f3n Profesional, Capex. Este proyecto ha impactado de manera positiva a m\u00e1s de 2,600 j\u00f3venes. Tiene como objetivo apoyar a las comunidades de alto riesgo, en [&hellip;]<\/p>\n","protected":false},"author":8,"featured_media":6560,"comment_status":"open","ping_status":"open","sticky":false,"template":"","format":"standard","meta":{"footnotes":""},"categories":[1],"tags":[],"class_list":["post-6558","post","type-post","status-publish","format-standard","has-post-thumbnail","hentry","category-sin-categorizar"],"yoast_head":"<!-- This site is optimized with the Yoast SEO plugin v25.7 - https:\/\/yoast.com\/wordpress\/plugins\/seo\/ -->\n<title>Educando para la Empleabilidad - Corporaci\u00f3n Zona Franca Santiago<\/title>\n<meta name=\"robots\" content=\"index, follow, max-snippet:-1, max-image-preview:large, max-video-preview:-1\" \/>\n<link rel=\"canonical\" href=\"https:\/\/zonafrancasantiago.com\/educando-para-la-empleabilidad\/\" \/>\n<meta property=\"og:locale\" content=\"en_US\" \/>\n<meta property=\"og:type\" content=\"article\" \/>\n<meta property=\"og:title\" content=\"Educando para la Empleabilidad - Corporaci\u00f3n Zona Franca Santiago\" \/>\n<meta property=\"og:description\" content=\"La Corporaci\u00f3n Zona Franca Santiago (CZFS) dio inicio a la 3era. entrega del programa de Responsabilidad Social Corporativa \u201cEducaci\u00f3n para la Empleabilidad\u201d, ejecutado por el Centro de Innovaci\u00f3n y Capacitaci\u00f3n Profesional, Capex. Este proyecto ha impactado de manera positiva a m\u00e1s de 2,600 j\u00f3venes. Tiene como objetivo apoyar a las comunidades de alto riesgo, en [&hellip;]\" \/>\n<meta property=\"og:url\" content=\"https:\/\/zonafrancasantiago.com\/educando-para-la-empleabilidad\/\" \/>\n<meta property=\"og:site_name\" content=\"Corporaci\u00f3n Zona Franca Santiago\" \/>\n<meta property=\"article:publisher\" content=\"https:\/\/www.facebook.com\/CZFSantiago\" \/>\n<meta property=\"article:published_time\" content=\"2021-02-26T19:00:27+00:00\" \/>\n<meta property=\"og:image\" content=\"https:\/\/zonafrancasantiago.com\/wp-content\/uploads\/2021\/02\/ipdb-dia1-1.jpg\" \/>\n\t<meta property=\"og:image:width\" content=\"1365\" \/>\n\t<meta property=\"og:image:height\" content=\"727\" \/>\n\t<meta property=\"og:image:type\" content=\"image\/jpeg\" \/>\n<meta name=\"author\" content=\"victor\" \/>\n<meta name=\"twitter:card\" content=\"summary_large_image\" \/>\n<meta name=\"twitter:creator\" content=\"@czfsantiagord\" \/>\n<meta name=\"twitter:site\" content=\"@czfsantiagord\" \/>\n<meta name=\"twitter:label1\" content=\"Written by\" \/>\n\t<meta name=\"twitter:data1\" content=\"victor\" \/>\n\t<meta name=\"twitter:label2\" content=\"Est. reading time\" \/>\n\t<meta name=\"twitter:data2\" content=\"1 minute\" \/>\n<script type=\"application\/ld+json\" class=\"yoast-schema-graph\">{\"@context\":\"https:\/\/schema.org\",\"@graph\":[{\"@type\":\"Article\",\"@id\":\"https:\/\/zonafrancasantiago.com\/educando-para-la-empleabilidad\/#article\",\"isPartOf\":{\"@id\":\"https:\/\/zonafrancasantiago.com\/educando-para-la-empleabilidad\/\"},\"author\":{\"name\":\"victor\",\"@id\":\"https:\/\/zonafrancasantiago.com\/#\/schema\/person\/231fdb0cbe334af0f09f36c18b373b97\"},\"headline\":\"Educando para la Empleabilidad\",\"datePublished\":\"2021-02-26T19:00:27+00:00\",\"mainEntityOfPage\":{\"@id\":\"https:\/\/zonafrancasantiago.com\/educando-para-la-empleabilidad\/\"},\"wordCount\":167,\"commentCount\":0,\"publisher\":{\"@id\":\"https:\/\/zonafrancasantiago.com\/#organization\"},\"image\":{\"@id\":\"https:\/\/zonafrancasantiago.com\/educando-para-la-empleabilidad\/#primaryimage\"},\"thumbnailUrl\":\"https:\/\/zonafrancasantiago.com\/wp-content\/uploads\/2021\/02\/ipdb-dia1-1.jpg\",\"articleSection\":[\"Sin categorizar\"],\"inLanguage\":\"en-US\",\"potentialAction\":[{\"@type\":\"CommentAction\",\"name\":\"Comment\",\"target\":[\"https:\/\/zonafrancasantiago.com\/educando-para-la-empleabilidad\/#respond\"]}]},{\"@type\":\"WebPage\",\"@id\":\"https:\/\/zonafrancasantiago.com\/educando-para-la-empleabilidad\/\",\"url\":\"https:\/\/zonafrancasantiago.com\/educando-para-la-empleabilidad\/\",\"name\":\"Educando para la Empleabilidad - Corporaci\u00f3n Zona Franca Santiago\",\"isPartOf\":{\"@id\":\"https:\/\/zonafrancasantiago.com\/#website\"},\"primaryImageOfPage\":{\"@id\":\"https:\/\/zonafrancasantiago.com\/educando-para-la-empleabilidad\/#primaryimage\"},\"image\":{\"@id\":\"https:\/\/zonafrancasantiago.com\/educando-para-la-empleabilidad\/#primaryimage\"},\"thumbnailUrl\":\"https:\/\/zonafrancasantiago.com\/wp-content\/uploads\/2021\/02\/ipdb-dia1-1.jpg\",\"datePublished\":\"2021-02-26T19:00:27+00:00\",\"breadcrumb\":{\"@id\":\"https:\/\/zonafrancasantiago.com\/educando-para-la-empleabilidad\/#breadcrumb\"},\"inLanguage\":\"en-US\",\"potentialAction\":[{\"@type\":\"ReadAction\",\"target\":[\"https:\/\/zonafrancasantiago.com\/educando-para-la-empleabilidad\/\"]}]},{\"@type\":\"ImageObject\",\"inLanguage\":\"en-US\",\"@id\":\"https:\/\/zonafrancasantiago.com\/educando-para-la-empleabilidad\/#primaryimage\",\"url\":\"https:\/\/zonafrancasantiago.com\/wp-content\/uploads\/2021\/02\/ipdb-dia1-1.jpg\",\"contentUrl\":\"https:\/\/zonafrancasantiago.com\/wp-content\/uploads\/2021\/02\/ipdb-dia1-1.jpg\",\"width\":1365,\"height\":727},{\"@type\":\"BreadcrumbList\",\"@id\":\"https:\/\/zonafrancasantiago.com\/educando-para-la-empleabilidad\/#breadcrumb\",\"itemListElement\":[{\"@type\":\"ListItem\",\"position\":1,\"name\":\"Portada\",\"item\":\"https:\/\/zonafrancasantiago.com\/en\/\"},{\"@type\":\"ListItem\",\"position\":2,\"name\":\"Educando para la Empleabilidad\"}]},{\"@type\":\"WebSite\",\"@id\":\"https:\/\/zonafrancasantiago.com\/#website\",\"url\":\"https:\/\/zonafrancasantiago.com\/\",\"name\":\"Corporaci\u00f3n Zona Franca Santiago\",\"description\":\"\",\"publisher\":{\"@id\":\"https:\/\/zonafrancasantiago.com\/#organization\"},\"potentialAction\":[{\"@type\":\"SearchAction\",\"target\":{\"@type\":\"EntryPoint\",\"urlTemplate\":\"https:\/\/zonafrancasantiago.com\/?s={search_term_string}\"},\"query-input\":{\"@type\":\"PropertyValueSpecification\",\"valueRequired\":true,\"valueName\":\"search_term_string\"}}],\"inLanguage\":\"en-US\"},{\"@type\":\"Organization\",\"@id\":\"https:\/\/zonafrancasantiago.com\/#organization\",\"name\":\"Corporaci\u00f3n Zona Franca Santiago\",\"url\":\"https:\/\/zonafrancasantiago.com\/\",\"logo\":{\"@type\":\"ImageObject\",\"inLanguage\":\"en-US\",\"@id\":\"https:\/\/zonafrancasantiago.com\/#\/schema\/logo\/image\/\",\"url\":\"https:\/\/zonafrancasantiago.com\/wp-content\/uploads\/2024\/04\/zonafranca-logo.png\",\"contentUrl\":\"https:\/\/zonafrancasantiago.com\/wp-content\/uploads\/2024\/04\/zonafranca-logo.png\",\"width\":245,\"height\":84,\"caption\":\"Corporaci\u00f3n Zona Franca Santiago\"},\"image\":{\"@id\":\"https:\/\/zonafrancasantiago.com\/#\/schema\/logo\/image\/\"},\"sameAs\":[\"https:\/\/www.facebook.com\/CZFSantiago\",\"https:\/\/x.com\/czfsantiagord\",\"https:\/\/www.instagram.com\/czfsantiago\/\",\"https:\/\/www.linkedin.com\/company\/corporacin-zona-franca-santiago\/\",\"https:\/\/www.youtube.com\/@CZFSantiago\"]},{\"@type\":\"Person\",\"@id\":\"https:\/\/zonafrancasantiago.com\/#\/schema\/person\/231fdb0cbe334af0f09f36c18b373b97\",\"name\":\"victor\",\"image\":{\"@type\":\"ImageObject\",\"inLanguage\":\"en-US\",\"@id\":\"https:\/\/zonafrancasantiago.com\/#\/schema\/person\/image\/\",\"url\":\"https:\/\/secure.gravatar.com\/avatar\/1ff4cc1d3cbe810ce69a34f5e275a40730288eb7c1925f7841092e6857ccba93?s=96&d=mm&r=g\",\"contentUrl\":\"https:\/\/secure.gravatar.com\/avatar\/1ff4cc1d3cbe810ce69a34f5e275a40730288eb7c1925f7841092e6857ccba93?s=96&d=mm&r=g\",\"caption\":\"victor\"},\"url\":\"https:\/\/zonafrancasantiago.com\/en\/author\/victor\/\"}]}<\/script>\n<!-- \/ Yoast SEO plugin. -->","yoast_head_json":{"title":"Educando para la Empleabilidad - Corporaci\u00f3n Zona Franca Santiago","robots":{"index":"index","follow":"follow","max-snippet":"max-snippet:-1","max-image-preview":"max-image-preview:large","max-video-preview":"max-video-preview:-1"},"canonical":"https:\/\/zonafrancasantiago.com\/educando-para-la-empleabilidad\/","og_locale":"en_US","og_type":"article","og_title":"Educando para la Empleabilidad - Corporaci\u00f3n Zona Franca Santiago","og_description":"La Corporaci\u00f3n Zona Franca Santiago (CZFS) dio inicio a la 3era. entrega del programa de Responsabilidad Social Corporativa \u201cEducaci\u00f3n para la Empleabilidad\u201d, ejecutado por el Centro de Innovaci\u00f3n y Capacitaci\u00f3n Profesional, Capex. Este proyecto ha impactado de manera positiva a m\u00e1s de 2,600 j\u00f3venes. Tiene como objetivo apoyar a las comunidades de alto riesgo, en [&hellip;]","og_url":"https:\/\/zonafrancasantiago.com\/educando-para-la-empleabilidad\/","og_site_name":"Corporaci\u00f3n Zona Franca Santiago","article_publisher":"https:\/\/www.facebook.com\/CZFSantiago","article_published_time":"2021-02-26T19:00:27+00:00","og_image":[{"width":1365,"height":727,"url":"https:\/\/zonafrancasantiago.com\/wp-content\/uploads\/2021\/02\/ipdb-dia1-1.jpg","type":"image\/jpeg"}],"author":"victor","twitter_card":"summary_large_image","twitter_creator":"@czfsantiagord","twitter_site":"@czfsantiagord","twitter_misc":{"Written by":"victor","Est. reading time":"1 minute"},"schema":{"@context":"https:\/\/schema.org","@graph":[{"@type":"Article","@id":"https:\/\/zonafrancasantiago.com\/educando-para-la-empleabilidad\/#article","isPartOf":{"@id":"https:\/\/zonafrancasantiago.com\/educando-para-la-empleabilidad\/"},"author":{"name":"victor","@id":"https:\/\/zonafrancasantiago.com\/#\/schema\/person\/231fdb0cbe334af0f09f36c18b373b97"},"headline":"Educando para la Empleabilidad","datePublished":"2021-02-26T19:00:27+00:00","mainEntityOfPage":{"@id":"https:\/\/zonafrancasantiago.com\/educando-para-la-empleabilidad\/"},"wordCount":167,"commentCount":0,"publisher":{"@id":"https:\/\/zonafrancasantiago.com\/#organization"},"image":{"@id":"https:\/\/zonafrancasantiago.com\/educando-para-la-empleabilidad\/#primaryimage"},"thumbnailUrl":"https:\/\/zonafrancasantiago.com\/wp-content\/uploads\/2021\/02\/ipdb-dia1-1.jpg","articleSection":["Sin categorizar"],"inLanguage":"en-US","potentialAction":[{"@type":"CommentAction","name":"Comment","target":["https:\/\/zonafrancasantiago.com\/educando-para-la-empleabilidad\/#respond"]}]},{"@type":"WebPage","@id":"https:\/\/zonafrancasantiago.com\/educando-para-la-empleabilidad\/","url":"https:\/\/zonafrancasantiago.com\/educando-para-la-empleabilidad\/","name":"Educando para la Empleabilidad - Corporaci\u00f3n Zona Franca Santiago","isPartOf":{"@id":"https:\/\/zonafrancasantiago.com\/#website"},"primaryImageOfPage":{"@id":"https:\/\/zonafrancasantiago.com\/educando-para-la-empleabilidad\/#primaryimage"},"image":{"@id":"https:\/\/zonafrancasantiago.com\/educando-para-la-empleabilidad\/#primaryimage"},"thumbnailUrl":"https:\/\/zonafrancasantiago.com\/wp-content\/uploads\/2021\/02\/ipdb-dia1-1.jpg","datePublished":"2021-02-26T19:00:27+00:00","breadcrumb":{"@id":"https:\/\/zonafrancasantiago.com\/educando-para-la-empleabilidad\/#breadcrumb"},"inLanguage":"en-US","potentialAction":[{"@type":"ReadAction","target":["https:\/\/zonafrancasantiago.com\/educando-para-la-empleabilidad\/"]}]},{"@type":"ImageObject","inLanguage":"en-US","@id":"https:\/\/zonafrancasantiago.com\/educando-para-la-empleabilidad\/#primaryimage","url":"https:\/\/zonafrancasantiago.com\/wp-content\/uploads\/2021\/02\/ipdb-dia1-1.jpg","contentUrl":"https:\/\/zonafrancasantiago.com\/wp-content\/uploads\/2021\/02\/ipdb-dia1-1.jpg","width":1365,"height":727},{"@type":"BreadcrumbList","@id":"https:\/\/zonafrancasantiago.com\/educando-para-la-empleabilidad\/#breadcrumb","itemListElement":[{"@type":"ListItem","position":1,"name":"Portada","item":"https:\/\/zonafrancasantiago.com\/en\/"},{"@type":"ListItem","position":2,"name":"Educando para la Empleabilidad"}]},{"@type":"WebSite","@id":"https:\/\/zonafrancasantiago.com\/#website","url":"https:\/\/zonafrancasantiago.com\/","name":"Corporaci\u00f3n Zona Franca Santiago","description":"","publisher":{"@id":"https:\/\/zonafrancasantiago.com\/#organization"},"potentialAction":[{"@type":"SearchAction","target":{"@type":"EntryPoint","urlTemplate":"https:\/\/zonafrancasantiago.com\/?s={search_term_string}"},"query-input":{"@type":"PropertyValueSpecification","valueRequired":true,"valueName":"search_term_string"}}],"inLanguage":"en-US"},{"@type":"Organization","@id":"https:\/\/zonafrancasantiago.com\/#organization","name":"Corporaci\u00f3n Zona Franca Santiago","url":"https:\/\/zonafrancasantiago.com\/","logo":{"@type":"ImageObject","inLanguage":"en-US","@id":"https:\/\/zonafrancasantiago.com\/#\/schema\/logo\/image\/","url":"https:\/\/zonafrancasantiago.com\/wp-content\/uploads\/2024\/04\/zonafranca-logo.png","contentUrl":"https:\/\/zonafrancasantiago.com\/wp-content\/uploads\/2024\/04\/zonafranca-logo.png","width":245,"height":84,"caption":"Corporaci\u00f3n Zona Franca Santiago"},"image":{"@id":"https:\/\/zonafrancasantiago.com\/#\/schema\/logo\/image\/"},"sameAs":["https:\/\/www.facebook.com\/CZFSantiago","https:\/\/x.com\/czfsantiagord","https:\/\/www.instagram.com\/czfsantiago\/","https:\/\/www.linkedin.com\/company\/corporacin-zona-franca-santiago\/","https:\/\/www.youtube.com\/@CZFSantiago"]},{"@type":"Person","@id":"https:\/\/zonafrancasantiago.com\/#\/schema\/person\/231fdb0cbe334af0f09f36c18b373b97","name":"victor","image":{"@type":"ImageObject","inLanguage":"en-US","@id":"https:\/\/zonafrancasantiago.com\/#\/schema\/person\/image\/","url":"https:\/\/secure.gravatar.com\/avatar\/1ff4cc1d3cbe810ce69a34f5e275a40730288eb7c1925f7841092e6857ccba93?s=96&d=mm&r=g","contentUrl":"https:\/\/secure.gravatar.com\/avatar\/1ff4cc1d3cbe810ce69a34f5e275a40730288eb7c1925f7841092e6857ccba93?s=96&d=mm&r=g","caption":"victor"},"url":"https:\/\/zonafrancasantiago.com\/en\/author\/victor\/"}]}},"_links":{"self":[{"href":"https:\/\/zonafrancasantiago.com\/en\/wp-json\/wp\/v2\/posts\/6558","targetHints":{"allow":["GET"]}}],"collection":[{"href":"https:\/\/zonafrancasantiago.com\/en\/wp-json\/wp\/v2\/posts"}],"about":[{"href":"https:\/\/zonafrancasantiago.com\/en\/wp-json\/wp\/v2\/types\/post"}],"author":[{"embeddable":true,"href":"https:\/\/zonafrancasantiago.com\/en\/wp-json\/wp\/v2\/users\/8"}],"replies":[{"embeddable":true,"href":"https:\/\/zonafrancasantiago.com\/en\/wp-json\/wp\/v2\/comments?post=6558"}],"version-history":[{"count":0,"href":"https:\/\/zonafrancasantiago.com\/en\/wp-json\/wp\/v2\/posts\/6558\/revisions"}],"wp:featuredmedia":[{"embeddable":true,"href":"https:\/\/zonafrancasantiago.com\/en\/wp-json\/wp\/v2\/media\/6560"}],"wp:attachment":[{"href":"https:\/\/zonafrancasantiago.com\/en\/wp-json\/wp\/v2\/media?parent=6558"}],"wp:term":[{"taxonomy":"category","embeddable":true,"href":"https:\/\/zonafrancasantiago.com\/en\/wp-json\/wp\/v2\/categories?post=6558"},{"taxonomy":"post_tag","embeddable":true,"href":"https:\/\/zonafrancasantiago.com\/en\/wp-json\/wp\/v2\/tags?post=6558"}],"curies":[{"name":"wp","href":"https:\/\/api.w.org\/{rel}","templated":true}]}}