{"id":7230,"date":"2021-04-30T19:01:11","date_gmt":"2021-04-30T17:01:11","guid":{"rendered":"https:\/\/www.zonafrancasantiago.com\/?p=7230"},"modified":"2021-04-30T19:01:11","modified_gmt":"2021-04-30T17:01:11","slug":"oscar-frias-nuestro-crecimiento-no-termina-con-estas-dos-fabricas","status":"publish","type":"post","link":"https:\/\/zonafrancasantiago.com\/en\/oscar-frias-nuestro-crecimiento-no-termina-con-estas-dos-fabricas\/","title":{"rendered":"Oscar Fr\u00edas: \u201cNuestro crecimiento no termina con estas dos f\u00e1bricas\u201d"},"content":{"rendered":"<p>Swedish Match, empresa instalada en el PIVEM desde el a\u00f1o 1999, est\u00e1 dedicada a la fabricaci\u00f3n de cigarros a m\u00e1quina; siendo posiblemente la f\u00e1brica m\u00e1s grande de cigarros de capa natural del mundo.<\/p>\n<p>En los \u00faltimos cinco a\u00f1os se ha expandido significativamente, y actualmente emplea unas 4,000 personas, con una producci\u00f3n cercana a los mil millones de cigarros anuales, exportados en su totalidad al mercado de los EE.UU.<\/p>\n<p>En su participaci\u00f3n durante el acto de inauguraci\u00f3n de la Expansi\u00f3n Log\u00edstica y de Negocios de la Corporaci\u00f3n Zona Franca Santiago (CZFS), Oscar Fr\u00edas, gerente de Swedish Match en la Rep\u00fablica Dominicana, expres\u00f3 al presidente Luis Abinader que: el crecimiento de la empresa no termina con la inauguraci\u00f3n de las dos edificaciones en la sexta etapa del Parque Industrial V\u00edctor Espaillat Mera (PIVEM).<\/p>\n<p>Asimismo, agradeci\u00f3 al mandatario por su visita a las nuevas instalaciones, durante la ceremonia que marc\u00f3 la ampliaci\u00f3n de las multinacionales Swedish Match y Boombah, con una inversi\u00f3n de 900 millones de pesos.<\/p>\n<p>En el a\u00f1o m\u00e1s fuerte de la pandemia, Swedish Match asumi\u00f3 con responsabilidad los retos por el COVID-19. \u201cPudimos mantener nuestras operaciones a flote. Gracias al apoyo de nuestra matriz, logramos implementar protocolos de seguridad que nos permitieron cuidar a nuestra gente, y a la vez continuar nuestros aportes a la econom\u00eda local. No perdimos a ninguno de nuestros colaboradores\u201d, expres\u00f3 con entusiasmo Oscar Fr\u00edas.<\/p>\n<p>En el acto, tambi\u00e9n intervino Jay Dykes, Director de Cigarros para consumo masivo de Swedish Match AB, empresa que tiene su base en Suecia y con f\u00e1bricas de diversos productos de tabaco en Europa, Brasil, Filipinas y los Estados Unidos.<\/p>\n<p>\u201cNos enorgullece trabajar en una empresa regida por altos est\u00e1ndares de conducta, eficiencia y seguridad. Lo que m\u00e1s nos gratifica es saber que nuestra gente recibe un trato digno. El salario m\u00ednimo de nuestro personal directo se sit\u00faa en un 30% por encima del salario m\u00ednimo del sector, acompa\u00f1ado de otros beneficios\u201d, inform\u00f3 el ejecutivo internacional.<\/p>\n","protected":false},"excerpt":{"rendered":"<p>Swedish Match, empresa instalada en el PIVEM desde el a\u00f1o 1999, est\u00e1 dedicada a la fabricaci\u00f3n de cigarros a m\u00e1quina; siendo posiblemente la f\u00e1brica m\u00e1s grande de cigarros de capa natural del mundo. En los \u00faltimos cinco a\u00f1os se ha expandido significativamente, y actualmente emplea unas 4,000 personas, con una producci\u00f3n cercana a los mil [&hellip;]<\/p>\n","protected":false},"author":8,"featured_media":7231,"comment_status":"open","ping_status":"open","sticky":false,"template":"","format":"standard","meta":{"footnotes":""},"categories":[1],"tags":[],"class_list":["post-7230","post","type-post","status-publish","format-standard","has-post-thumbnail","hentry","category-sin-categorizar"],"yoast_head":"<!-- This site is optimized with the Yoast SEO plugin v25.7 - https:\/\/yoast.com\/wordpress\/plugins\/seo\/ -->\n<title>Oscar Fr\u00edas: \u201cNuestro crecimiento no termina con estas dos f\u00e1bricas\u201d - Corporaci\u00f3n Zona Franca Santiago<\/title>\n<meta name=\"robots\" content=\"index, follow, max-snippet:-1, max-image-preview:large, max-video-preview:-1\" \/>\n<link rel=\"canonical\" href=\"https:\/\/zonafrancasantiago.com\/oscar-frias-nuestro-crecimiento-no-termina-con-estas-dos-fabricas\/\" \/>\n<meta property=\"og:locale\" content=\"en_US\" \/>\n<meta property=\"og:type\" content=\"article\" \/>\n<meta property=\"og:title\" content=\"Oscar Fr\u00edas: \u201cNuestro crecimiento no termina con estas dos f\u00e1bricas\u201d - Corporaci\u00f3n Zona Franca Santiago\" \/>\n<meta property=\"og:description\" content=\"Swedish Match, empresa instalada en el PIVEM desde el a\u00f1o 1999, est\u00e1 dedicada a la fabricaci\u00f3n de cigarros a m\u00e1quina; siendo posiblemente la f\u00e1brica m\u00e1s grande de cigarros de capa natural del mundo. En los \u00faltimos cinco a\u00f1os se ha expandido significativamente, y actualmente emplea unas 4,000 personas, con una producci\u00f3n cercana a los mil [&hellip;]\" \/>\n<meta property=\"og:url\" content=\"https:\/\/zonafrancasantiago.com\/oscar-frias-nuestro-crecimiento-no-termina-con-estas-dos-fabricas\/\" \/>\n<meta property=\"og:site_name\" content=\"Corporaci\u00f3n Zona Franca Santiago\" \/>\n<meta property=\"article:publisher\" content=\"https:\/\/www.facebook.com\/CZFSantiago\" \/>\n<meta property=\"article:published_time\" content=\"2021-04-30T17:01:11+00:00\" \/>\n<meta property=\"og:image\" content=\"https:\/\/zonafrancasantiago.com\/wp-content\/uploads\/2021\/04\/12-2031-scaled-1.jpg\" \/>\n\t<meta property=\"og:image:width\" content=\"1703\" \/>\n\t<meta property=\"og:image:height\" content=\"2560\" \/>\n\t<meta property=\"og:image:type\" content=\"image\/jpeg\" \/>\n<meta name=\"author\" content=\"victor\" \/>\n<meta name=\"twitter:card\" content=\"summary_large_image\" \/>\n<meta name=\"twitter:creator\" content=\"@czfsantiagord\" \/>\n<meta name=\"twitter:site\" content=\"@czfsantiagord\" \/>\n<meta name=\"twitter:label1\" content=\"Written by\" \/>\n\t<meta name=\"twitter:data1\" content=\"victor\" \/>\n\t<meta name=\"twitter:label2\" content=\"Est. reading time\" \/>\n\t<meta name=\"twitter:data2\" content=\"2 minutes\" \/>\n<script type=\"application\/ld+json\" class=\"yoast-schema-graph\">{\"@context\":\"https:\/\/schema.org\",\"@graph\":[{\"@type\":\"Article\",\"@id\":\"https:\/\/zonafrancasantiago.com\/oscar-frias-nuestro-crecimiento-no-termina-con-estas-dos-fabricas\/#article\",\"isPartOf\":{\"@id\":\"https:\/\/zonafrancasantiago.com\/oscar-frias-nuestro-crecimiento-no-termina-con-estas-dos-fabricas\/\"},\"author\":{\"name\":\"victor\",\"@id\":\"https:\/\/zonafrancasantiago.com\/#\/schema\/person\/231fdb0cbe334af0f09f36c18b373b97\"},\"headline\":\"Oscar Fr\u00edas: \u201cNuestro crecimiento no termina con estas dos f\u00e1bricas\u201d\",\"datePublished\":\"2021-04-30T17:01:11+00:00\",\"mainEntityOfPage\":{\"@id\":\"https:\/\/zonafrancasantiago.com\/oscar-frias-nuestro-crecimiento-no-termina-con-estas-dos-fabricas\/\"},\"wordCount\":364,\"commentCount\":0,\"publisher\":{\"@id\":\"https:\/\/zonafrancasantiago.com\/#organization\"},\"image\":{\"@id\":\"https:\/\/zonafrancasantiago.com\/oscar-frias-nuestro-crecimiento-no-termina-con-estas-dos-fabricas\/#primaryimage\"},\"thumbnailUrl\":\"https:\/\/zonafrancasantiago.com\/wp-content\/uploads\/2021\/04\/12-2031-scaled-1.jpg\",\"articleSection\":[\"Sin categorizar\"],\"inLanguage\":\"en-US\",\"potentialAction\":[{\"@type\":\"CommentAction\",\"name\":\"Comment\",\"target\":[\"https:\/\/zonafrancasantiago.com\/oscar-frias-nuestro-crecimiento-no-termina-con-estas-dos-fabricas\/#respond\"]}]},{\"@type\":\"WebPage\",\"@id\":\"https:\/\/zonafrancasantiago.com\/oscar-frias-nuestro-crecimiento-no-termina-con-estas-dos-fabricas\/\",\"url\":\"https:\/\/zonafrancasantiago.com\/oscar-frias-nuestro-crecimiento-no-termina-con-estas-dos-fabricas\/\",\"name\":\"Oscar Fr\u00edas: \u201cNuestro crecimiento no termina con estas dos f\u00e1bricas\u201d - Corporaci\u00f3n Zona Franca Santiago\",\"isPartOf\":{\"@id\":\"https:\/\/zonafrancasantiago.com\/#website\"},\"primaryImageOfPage\":{\"@id\":\"https:\/\/zonafrancasantiago.com\/oscar-frias-nuestro-crecimiento-no-termina-con-estas-dos-fabricas\/#primaryimage\"},\"image\":{\"@id\":\"https:\/\/zonafrancasantiago.com\/oscar-frias-nuestro-crecimiento-no-termina-con-estas-dos-fabricas\/#primaryimage\"},\"thumbnailUrl\":\"https:\/\/zonafrancasantiago.com\/wp-content\/uploads\/2021\/04\/12-2031-scaled-1.jpg\",\"datePublished\":\"2021-04-30T17:01:11+00:00\",\"breadcrumb\":{\"@id\":\"https:\/\/zonafrancasantiago.com\/oscar-frias-nuestro-crecimiento-no-termina-con-estas-dos-fabricas\/#breadcrumb\"},\"inLanguage\":\"en-US\",\"potentialAction\":[{\"@type\":\"ReadAction\",\"target\":[\"https:\/\/zonafrancasantiago.com\/oscar-frias-nuestro-crecimiento-no-termina-con-estas-dos-fabricas\/\"]}]},{\"@type\":\"ImageObject\",\"inLanguage\":\"en-US\",\"@id\":\"https:\/\/zonafrancasantiago.com\/oscar-frias-nuestro-crecimiento-no-termina-con-estas-dos-fabricas\/#primaryimage\",\"url\":\"https:\/\/zonafrancasantiago.com\/wp-content\/uploads\/2021\/04\/12-2031-scaled-1.jpg\",\"contentUrl\":\"https:\/\/zonafrancasantiago.com\/wp-content\/uploads\/2021\/04\/12-2031-scaled-1.jpg\",\"width\":1703,\"height\":2560},{\"@type\":\"BreadcrumbList\",\"@id\":\"https:\/\/zonafrancasantiago.com\/oscar-frias-nuestro-crecimiento-no-termina-con-estas-dos-fabricas\/#breadcrumb\",\"itemListElement\":[{\"@type\":\"ListItem\",\"position\":1,\"name\":\"Portada\",\"item\":\"https:\/\/zonafrancasantiago.com\/en\/\"},{\"@type\":\"ListItem\",\"position\":2,\"name\":\"Oscar Fr\u00edas: \u201cNuestro crecimiento no termina con estas dos f\u00e1bricas\u201d\"}]},{\"@type\":\"WebSite\",\"@id\":\"https:\/\/zonafrancasantiago.com\/#website\",\"url\":\"https:\/\/zonafrancasantiago.com\/\",\"name\":\"Corporaci\u00f3n Zona Franca Santiago\",\"description\":\"\",\"publisher\":{\"@id\":\"https:\/\/zonafrancasantiago.com\/#organization\"},\"potentialAction\":[{\"@type\":\"SearchAction\",\"target\":{\"@type\":\"EntryPoint\",\"urlTemplate\":\"https:\/\/zonafrancasantiago.com\/?s={search_term_string}\"},\"query-input\":{\"@type\":\"PropertyValueSpecification\",\"valueRequired\":true,\"valueName\":\"search_term_string\"}}],\"inLanguage\":\"en-US\"},{\"@type\":\"Organization\",\"@id\":\"https:\/\/zonafrancasantiago.com\/#organization\",\"name\":\"Corporaci\u00f3n Zona Franca Santiago\",\"url\":\"https:\/\/zonafrancasantiago.com\/\",\"logo\":{\"@type\":\"ImageObject\",\"inLanguage\":\"en-US\",\"@id\":\"https:\/\/zonafrancasantiago.com\/#\/schema\/logo\/image\/\",\"url\":\"https:\/\/zonafrancasantiago.com\/wp-content\/uploads\/2024\/04\/zonafranca-logo.png\",\"contentUrl\":\"https:\/\/zonafrancasantiago.com\/wp-content\/uploads\/2024\/04\/zonafranca-logo.png\",\"width\":245,\"height\":84,\"caption\":\"Corporaci\u00f3n Zona Franca Santiago\"},\"image\":{\"@id\":\"https:\/\/zonafrancasantiago.com\/#\/schema\/logo\/image\/\"},\"sameAs\":[\"https:\/\/www.facebook.com\/CZFSantiago\",\"https:\/\/x.com\/czfsantiagord\",\"https:\/\/www.instagram.com\/czfsantiago\/\",\"https:\/\/www.linkedin.com\/company\/corporacin-zona-franca-santiago\/\",\"https:\/\/www.youtube.com\/@CZFSantiago\"]},{\"@type\":\"Person\",\"@id\":\"https:\/\/zonafrancasantiago.com\/#\/schema\/person\/231fdb0cbe334af0f09f36c18b373b97\",\"name\":\"victor\",\"image\":{\"@type\":\"ImageObject\",\"inLanguage\":\"en-US\",\"@id\":\"https:\/\/zonafrancasantiago.com\/#\/schema\/person\/image\/\",\"url\":\"https:\/\/secure.gravatar.com\/avatar\/1ff4cc1d3cbe810ce69a34f5e275a40730288eb7c1925f7841092e6857ccba93?s=96&d=mm&r=g\",\"contentUrl\":\"https:\/\/secure.gravatar.com\/avatar\/1ff4cc1d3cbe810ce69a34f5e275a40730288eb7c1925f7841092e6857ccba93?s=96&d=mm&r=g\",\"caption\":\"victor\"},\"url\":\"https:\/\/zonafrancasantiago.com\/en\/author\/victor\/\"}]}<\/script>\n<!-- \/ Yoast SEO plugin. -->","yoast_head_json":{"title":"Oscar Fr\u00edas: \u201cNuestro crecimiento no termina con estas dos f\u00e1bricas\u201d - Corporaci\u00f3n Zona Franca Santiago","robots":{"index":"index","follow":"follow","max-snippet":"max-snippet:-1","max-image-preview":"max-image-preview:large","max-video-preview":"max-video-preview:-1"},"canonical":"https:\/\/zonafrancasantiago.com\/oscar-frias-nuestro-crecimiento-no-termina-con-estas-dos-fabricas\/","og_locale":"en_US","og_type":"article","og_title":"Oscar Fr\u00edas: \u201cNuestro crecimiento no termina con estas dos f\u00e1bricas\u201d - Corporaci\u00f3n Zona Franca Santiago","og_description":"Swedish Match, empresa instalada en el PIVEM desde el a\u00f1o 1999, est\u00e1 dedicada a la fabricaci\u00f3n de cigarros a m\u00e1quina; siendo posiblemente la f\u00e1brica m\u00e1s grande de cigarros de capa natural del mundo. En los \u00faltimos cinco a\u00f1os se ha expandido significativamente, y actualmente emplea unas 4,000 personas, con una producci\u00f3n cercana a los mil [&hellip;]","og_url":"https:\/\/zonafrancasantiago.com\/oscar-frias-nuestro-crecimiento-no-termina-con-estas-dos-fabricas\/","og_site_name":"Corporaci\u00f3n Zona Franca Santiago","article_publisher":"https:\/\/www.facebook.com\/CZFSantiago","article_published_time":"2021-04-30T17:01:11+00:00","og_image":[{"width":1703,"height":2560,"url":"https:\/\/zonafrancasantiago.com\/wp-content\/uploads\/2021\/04\/12-2031-scaled-1.jpg","type":"image\/jpeg"}],"author":"victor","twitter_card":"summary_large_image","twitter_creator":"@czfsantiagord","twitter_site":"@czfsantiagord","twitter_misc":{"Written by":"victor","Est. reading time":"2 minutes"},"schema":{"@context":"https:\/\/schema.org","@graph":[{"@type":"Article","@id":"https:\/\/zonafrancasantiago.com\/oscar-frias-nuestro-crecimiento-no-termina-con-estas-dos-fabricas\/#article","isPartOf":{"@id":"https:\/\/zonafrancasantiago.com\/oscar-frias-nuestro-crecimiento-no-termina-con-estas-dos-fabricas\/"},"author":{"name":"victor","@id":"https:\/\/zonafrancasantiago.com\/#\/schema\/person\/231fdb0cbe334af0f09f36c18b373b97"},"headline":"Oscar Fr\u00edas: \u201cNuestro crecimiento no termina con estas dos f\u00e1bricas\u201d","datePublished":"2021-04-30T17:01:11+00:00","mainEntityOfPage":{"@id":"https:\/\/zonafrancasantiago.com\/oscar-frias-nuestro-crecimiento-no-termina-con-estas-dos-fabricas\/"},"wordCount":364,"commentCount":0,"publisher":{"@id":"https:\/\/zonafrancasantiago.com\/#organization"},"image":{"@id":"https:\/\/zonafrancasantiago.com\/oscar-frias-nuestro-crecimiento-no-termina-con-estas-dos-fabricas\/#primaryimage"},"thumbnailUrl":"https:\/\/zonafrancasantiago.com\/wp-content\/uploads\/2021\/04\/12-2031-scaled-1.jpg","articleSection":["Sin categorizar"],"inLanguage":"en-US","potentialAction":[{"@type":"CommentAction","name":"Comment","target":["https:\/\/zonafrancasantiago.com\/oscar-frias-nuestro-crecimiento-no-termina-con-estas-dos-fabricas\/#respond"]}]},{"@type":"WebPage","@id":"https:\/\/zonafrancasantiago.com\/oscar-frias-nuestro-crecimiento-no-termina-con-estas-dos-fabricas\/","url":"https:\/\/zonafrancasantiago.com\/oscar-frias-nuestro-crecimiento-no-termina-con-estas-dos-fabricas\/","name":"Oscar Fr\u00edas: \u201cNuestro crecimiento no termina con estas dos f\u00e1bricas\u201d - Corporaci\u00f3n Zona Franca Santiago","isPartOf":{"@id":"https:\/\/zonafrancasantiago.com\/#website"},"primaryImageOfPage":{"@id":"https:\/\/zonafrancasantiago.com\/oscar-frias-nuestro-crecimiento-no-termina-con-estas-dos-fabricas\/#primaryimage"},"image":{"@id":"https:\/\/zonafrancasantiago.com\/oscar-frias-nuestro-crecimiento-no-termina-con-estas-dos-fabricas\/#primaryimage"},"thumbnailUrl":"https:\/\/zonafrancasantiago.com\/wp-content\/uploads\/2021\/04\/12-2031-scaled-1.jpg","datePublished":"2021-04-30T17:01:11+00:00","breadcrumb":{"@id":"https:\/\/zonafrancasantiago.com\/oscar-frias-nuestro-crecimiento-no-termina-con-estas-dos-fabricas\/#breadcrumb"},"inLanguage":"en-US","potentialAction":[{"@type":"ReadAction","target":["https:\/\/zonafrancasantiago.com\/oscar-frias-nuestro-crecimiento-no-termina-con-estas-dos-fabricas\/"]}]},{"@type":"ImageObject","inLanguage":"en-US","@id":"https:\/\/zonafrancasantiago.com\/oscar-frias-nuestro-crecimiento-no-termina-con-estas-dos-fabricas\/#primaryimage","url":"https:\/\/zonafrancasantiago.com\/wp-content\/uploads\/2021\/04\/12-2031-scaled-1.jpg","contentUrl":"https:\/\/zonafrancasantiago.com\/wp-content\/uploads\/2021\/04\/12-2031-scaled-1.jpg","width":1703,"height":2560},{"@type":"BreadcrumbList","@id":"https:\/\/zonafrancasantiago.com\/oscar-frias-nuestro-crecimiento-no-termina-con-estas-dos-fabricas\/#breadcrumb","itemListElement":[{"@type":"ListItem","position":1,"name":"Portada","item":"https:\/\/zonafrancasantiago.com\/en\/"},{"@type":"ListItem","position":2,"name":"Oscar Fr\u00edas: \u201cNuestro crecimiento no termina con estas dos f\u00e1bricas\u201d"}]},{"@type":"WebSite","@id":"https:\/\/zonafrancasantiago.com\/#website","url":"https:\/\/zonafrancasantiago.com\/","name":"Corporaci\u00f3n Zona Franca Santiago","description":"","publisher":{"@id":"https:\/\/zonafrancasantiago.com\/#organization"},"potentialAction":[{"@type":"SearchAction","target":{"@type":"EntryPoint","urlTemplate":"https:\/\/zonafrancasantiago.com\/?s={search_term_string}"},"query-input":{"@type":"PropertyValueSpecification","valueRequired":true,"valueName":"search_term_string"}}],"inLanguage":"en-US"},{"@type":"Organization","@id":"https:\/\/zonafrancasantiago.com\/#organization","name":"Corporaci\u00f3n Zona Franca Santiago","url":"https:\/\/zonafrancasantiago.com\/","logo":{"@type":"ImageObject","inLanguage":"en-US","@id":"https:\/\/zonafrancasantiago.com\/#\/schema\/logo\/image\/","url":"https:\/\/zonafrancasantiago.com\/wp-content\/uploads\/2024\/04\/zonafranca-logo.png","contentUrl":"https:\/\/zonafrancasantiago.com\/wp-content\/uploads\/2024\/04\/zonafranca-logo.png","width":245,"height":84,"caption":"Corporaci\u00f3n Zona Franca Santiago"},"image":{"@id":"https:\/\/zonafrancasantiago.com\/#\/schema\/logo\/image\/"},"sameAs":["https:\/\/www.facebook.com\/CZFSantiago","https:\/\/x.com\/czfsantiagord","https:\/\/www.instagram.com\/czfsantiago\/","https:\/\/www.linkedin.com\/company\/corporacin-zona-franca-santiago\/","https:\/\/www.youtube.com\/@CZFSantiago"]},{"@type":"Person","@id":"https:\/\/zonafrancasantiago.com\/#\/schema\/person\/231fdb0cbe334af0f09f36c18b373b97","name":"victor","image":{"@type":"ImageObject","inLanguage":"en-US","@id":"https:\/\/zonafrancasantiago.com\/#\/schema\/person\/image\/","url":"https:\/\/secure.gravatar.com\/avatar\/1ff4cc1d3cbe810ce69a34f5e275a40730288eb7c1925f7841092e6857ccba93?s=96&d=mm&r=g","contentUrl":"https:\/\/secure.gravatar.com\/avatar\/1ff4cc1d3cbe810ce69a34f5e275a40730288eb7c1925f7841092e6857ccba93?s=96&d=mm&r=g","caption":"victor"},"url":"https:\/\/zonafrancasantiago.com\/en\/author\/victor\/"}]}},"_links":{"self":[{"href":"https:\/\/zonafrancasantiago.com\/en\/wp-json\/wp\/v2\/posts\/7230","targetHints":{"allow":["GET"]}}],"collection":[{"href":"https:\/\/zonafrancasantiago.com\/en\/wp-json\/wp\/v2\/posts"}],"about":[{"href":"https:\/\/zonafrancasantiago.com\/en\/wp-json\/wp\/v2\/types\/post"}],"author":[{"embeddable":true,"href":"https:\/\/zonafrancasantiago.com\/en\/wp-json\/wp\/v2\/users\/8"}],"replies":[{"embeddable":true,"href":"https:\/\/zonafrancasantiago.com\/en\/wp-json\/wp\/v2\/comments?post=7230"}],"version-history":[{"count":0,"href":"https:\/\/zonafrancasantiago.com\/en\/wp-json\/wp\/v2\/posts\/7230\/revisions"}],"wp:featuredmedia":[{"embeddable":true,"href":"https:\/\/zonafrancasantiago.com\/en\/wp-json\/wp\/v2\/media\/7231"}],"wp:attachment":[{"href":"https:\/\/zonafrancasantiago.com\/en\/wp-json\/wp\/v2\/media?parent=7230"}],"wp:term":[{"taxonomy":"category","embeddable":true,"href":"https:\/\/zonafrancasantiago.com\/en\/wp-json\/wp\/v2\/categories?post=7230"},{"taxonomy":"post_tag","embeddable":true,"href":"https:\/\/zonafrancasantiago.com\/en\/wp-json\/wp\/v2\/tags?post=7230"}],"curies":[{"name":"wp","href":"https:\/\/api.w.org\/{rel}","templated":true}]}}