{"id":7409,"date":"2021-05-14T15:41:17","date_gmt":"2021-05-14T13:41:17","guid":{"rendered":"https:\/\/www.zonafrancasantiago.com\/?p=7409"},"modified":"2021-05-14T15:41:17","modified_gmt":"2021-05-14T13:41:17","slug":"gran-parte-de-las-tendencias-empresariales-y-tecnologicas-han-venido-del-sector-de-zona-franca","status":"publish","type":"post","link":"https:\/\/zonafrancasantiago.com\/en\/gran-parte-de-las-tendencias-empresariales-y-tecnologicas-han-venido-del-sector-de-zona-franca\/","title":{"rendered":"Rostros PIVEM: Oscar Fr\u00edas"},"content":{"rendered":"<p><strong>\u201cGran parte de las tendencias empresariales y tecnol\u00f3gicas han venido del sector de Zona Franca\u201d<\/strong><\/p>\n<p>Entre octubre y enero, Oscar Fr\u00edas es m\u00e1s aguilucho que Chilote Llenas. Ama el beisbol, as\u00ed como las cosas hechas con amor.<\/p>\n<p>Es ingeniero electromec\u00e1nico, con orientaci\u00f3n el\u00e9ctrica, egresado de la PUCMM. En la misma academia, realiz\u00f3 una maestr\u00eda en gesti\u00f3n de operaciones. Su curiosidad y deseo de aprender para seguir liderando en excelencia, lo llev\u00f3 a completar un programa de desarrollo directivo en BARNA Business School, donde actualmente cursa un master intensivo.<\/p>\n<p>Fr\u00edas es hoy el Gerente General de Swedish Match Dominicana, una de las empresas m\u00e1s emblem\u00e1ticas del Parque Industrial V\u00edctor Espaillat Mera (PIVEM).<\/p>\n<p>Labora en Zona Franca desde el a\u00f1o 2004 y para \u00e9l, dirigir Swedish Match \u201ces una bella oportunidad que Dios me permite\u201d. En la empresa del sector tabaco, ha aprendido que el papel principal de los l\u00edderes es servir. \u201cNuestra gente siempre espera eso de nosotros. Cumplir con esa responsabilidad es nuestro gran reto\u201d, asegura.<\/p>\n<p><strong>Experiencia PIVEM<\/strong><\/p>\n<p>El PIVEM tiene una historia de 47 a\u00f1os de productividad, desde el sector Zona Franca. Con el tiempo, el Parque ha desarrollado unidades de apoyo que fortalecen su oferta de servicios.<\/p>\n<p>A juicio de Oscar Fr\u00edas, este Campus Corporativo tiene una programaci\u00f3n estrat\u00e9gica muy interesante y \u201cla convivencia de la industria y el ambiente deben continuar siendo clave para el desarrollo del Parque\u201d, destaca.<\/p>\n<p>Asimismo, el ejecutivo de Swedish Match, afirma que la Corporaci\u00f3n ha sido un gran aliado en el crecimiento de la compa\u00f1\u00eda de capital sueco. \u201cHemos forjado una relaci\u00f3n de respeto y confianza que nos ha permitido tener las puertas abiertas para preocupaciones y mejoras\u201d, expresa.<\/p>\n<p>Oscar ha crecido, ha aprendido y le inspira seguir aportando desde el sector que representa. \u201cSi tuviera al frente un auditorio de personas muy j\u00f3venes, les dir\u00eda: gran parte de las tendencias empresariales y tecnol\u00f3gicas que hay en el pa\u00eds han venido de la mano del sector Zona Franca. Entiendo que hay un pasado que quiz\u00e1s no nos promueve, pero eso ha cambiado<\/p>\n","protected":false},"excerpt":{"rendered":"<p>\u201cGran parte de las tendencias empresariales y tecnol\u00f3gicas han venido del sector de Zona Franca\u201d Entre octubre y enero, Oscar Fr\u00edas es m\u00e1s aguilucho que Chilote Llenas. Ama el beisbol, as\u00ed como las cosas hechas con amor. Es ingeniero electromec\u00e1nico, con orientaci\u00f3n el\u00e9ctrica, egresado de la PUCMM. En la misma academia, realiz\u00f3 una maestr\u00eda en [&hellip;]<\/p>\n","protected":false},"author":8,"featured_media":7410,"comment_status":"open","ping_status":"open","sticky":false,"template":"","format":"standard","meta":{"footnotes":""},"categories":[1],"tags":[],"class_list":["post-7409","post","type-post","status-publish","format-standard","has-post-thumbnail","hentry","category-sin-categorizar"],"yoast_head":"<!-- This site is optimized with the Yoast SEO plugin v25.7 - https:\/\/yoast.com\/wordpress\/plugins\/seo\/ -->\n<title>Rostros PIVEM: Oscar Fr\u00edas - Corporaci\u00f3n Zona Franca Santiago<\/title>\n<meta name=\"robots\" content=\"index, follow, max-snippet:-1, max-image-preview:large, max-video-preview:-1\" \/>\n<link rel=\"canonical\" href=\"https:\/\/zonafrancasantiago.com\/gran-parte-de-las-tendencias-empresariales-y-tecnologicas-han-venido-del-sector-de-zona-franca\/\" \/>\n<meta property=\"og:locale\" content=\"en_US\" \/>\n<meta property=\"og:type\" content=\"article\" \/>\n<meta property=\"og:title\" content=\"Rostros PIVEM: Oscar Fr\u00edas - Corporaci\u00f3n Zona Franca Santiago\" \/>\n<meta property=\"og:description\" content=\"\u201cGran parte de las tendencias empresariales y tecnol\u00f3gicas han venido del sector de Zona Franca\u201d Entre octubre y enero, Oscar Fr\u00edas es m\u00e1s aguilucho que Chilote Llenas. Ama el beisbol, as\u00ed como las cosas hechas con amor. Es ingeniero electromec\u00e1nico, con orientaci\u00f3n el\u00e9ctrica, egresado de la PUCMM. En la misma academia, realiz\u00f3 una maestr\u00eda en [&hellip;]\" \/>\n<meta property=\"og:url\" content=\"https:\/\/zonafrancasantiago.com\/gran-parte-de-las-tendencias-empresariales-y-tecnologicas-han-venido-del-sector-de-zona-franca\/\" \/>\n<meta property=\"og:site_name\" content=\"Corporaci\u00f3n Zona Franca Santiago\" \/>\n<meta property=\"article:publisher\" content=\"https:\/\/www.facebook.com\/CZFSantiago\" \/>\n<meta property=\"article:published_time\" content=\"2021-05-14T13:41:17+00:00\" \/>\n<meta property=\"og:image\" content=\"https:\/\/zonafrancasantiago.com\/wp-content\/uploads\/2021\/05\/76123702-B802-4C77-B28B-703457534B65_1_105_c.jpeg\" \/>\n\t<meta property=\"og:image:width\" content=\"1086\" \/>\n\t<meta property=\"og:image:height\" content=\"724\" \/>\n\t<meta property=\"og:image:type\" content=\"image\/jpeg\" \/>\n<meta name=\"author\" content=\"victor\" \/>\n<meta name=\"twitter:card\" content=\"summary_large_image\" \/>\n<meta name=\"twitter:creator\" content=\"@czfsantiagord\" \/>\n<meta name=\"twitter:site\" content=\"@czfsantiagord\" \/>\n<meta name=\"twitter:label1\" content=\"Written by\" \/>\n\t<meta name=\"twitter:data1\" content=\"victor\" \/>\n\t<meta name=\"twitter:label2\" content=\"Est. reading time\" \/>\n\t<meta name=\"twitter:data2\" content=\"2 minutes\" \/>\n<script type=\"application\/ld+json\" class=\"yoast-schema-graph\">{\"@context\":\"https:\/\/schema.org\",\"@graph\":[{\"@type\":\"Article\",\"@id\":\"https:\/\/zonafrancasantiago.com\/gran-parte-de-las-tendencias-empresariales-y-tecnologicas-han-venido-del-sector-de-zona-franca\/#article\",\"isPartOf\":{\"@id\":\"https:\/\/zonafrancasantiago.com\/gran-parte-de-las-tendencias-empresariales-y-tecnologicas-han-venido-del-sector-de-zona-franca\/\"},\"author\":{\"name\":\"victor\",\"@id\":\"https:\/\/zonafrancasantiago.com\/#\/schema\/person\/231fdb0cbe334af0f09f36c18b373b97\"},\"headline\":\"Rostros PIVEM: Oscar Fr\u00edas\",\"datePublished\":\"2021-05-14T13:41:17+00:00\",\"mainEntityOfPage\":{\"@id\":\"https:\/\/zonafrancasantiago.com\/gran-parte-de-las-tendencias-empresariales-y-tecnologicas-han-venido-del-sector-de-zona-franca\/\"},\"wordCount\":369,\"commentCount\":0,\"publisher\":{\"@id\":\"https:\/\/zonafrancasantiago.com\/#organization\"},\"image\":{\"@id\":\"https:\/\/zonafrancasantiago.com\/gran-parte-de-las-tendencias-empresariales-y-tecnologicas-han-venido-del-sector-de-zona-franca\/#primaryimage\"},\"thumbnailUrl\":\"https:\/\/zonafrancasantiago.com\/wp-content\/uploads\/2021\/05\/76123702-B802-4C77-B28B-703457534B65_1_105_c.jpeg\",\"articleSection\":[\"Sin categorizar\"],\"inLanguage\":\"en-US\",\"potentialAction\":[{\"@type\":\"CommentAction\",\"name\":\"Comment\",\"target\":[\"https:\/\/zonafrancasantiago.com\/gran-parte-de-las-tendencias-empresariales-y-tecnologicas-han-venido-del-sector-de-zona-franca\/#respond\"]}]},{\"@type\":\"WebPage\",\"@id\":\"https:\/\/zonafrancasantiago.com\/gran-parte-de-las-tendencias-empresariales-y-tecnologicas-han-venido-del-sector-de-zona-franca\/\",\"url\":\"https:\/\/zonafrancasantiago.com\/gran-parte-de-las-tendencias-empresariales-y-tecnologicas-han-venido-del-sector-de-zona-franca\/\",\"name\":\"Rostros PIVEM: Oscar Fr\u00edas - Corporaci\u00f3n Zona Franca Santiago\",\"isPartOf\":{\"@id\":\"https:\/\/zonafrancasantiago.com\/#website\"},\"primaryImageOfPage\":{\"@id\":\"https:\/\/zonafrancasantiago.com\/gran-parte-de-las-tendencias-empresariales-y-tecnologicas-han-venido-del-sector-de-zona-franca\/#primaryimage\"},\"image\":{\"@id\":\"https:\/\/zonafrancasantiago.com\/gran-parte-de-las-tendencias-empresariales-y-tecnologicas-han-venido-del-sector-de-zona-franca\/#primaryimage\"},\"thumbnailUrl\":\"https:\/\/zonafrancasantiago.com\/wp-content\/uploads\/2021\/05\/76123702-B802-4C77-B28B-703457534B65_1_105_c.jpeg\",\"datePublished\":\"2021-05-14T13:41:17+00:00\",\"breadcrumb\":{\"@id\":\"https:\/\/zonafrancasantiago.com\/gran-parte-de-las-tendencias-empresariales-y-tecnologicas-han-venido-del-sector-de-zona-franca\/#breadcrumb\"},\"inLanguage\":\"en-US\",\"potentialAction\":[{\"@type\":\"ReadAction\",\"target\":[\"https:\/\/zonafrancasantiago.com\/gran-parte-de-las-tendencias-empresariales-y-tecnologicas-han-venido-del-sector-de-zona-franca\/\"]}]},{\"@type\":\"ImageObject\",\"inLanguage\":\"en-US\",\"@id\":\"https:\/\/zonafrancasantiago.com\/gran-parte-de-las-tendencias-empresariales-y-tecnologicas-han-venido-del-sector-de-zona-franca\/#primaryimage\",\"url\":\"https:\/\/zonafrancasantiago.com\/wp-content\/uploads\/2021\/05\/76123702-B802-4C77-B28B-703457534B65_1_105_c.jpeg\",\"contentUrl\":\"https:\/\/zonafrancasantiago.com\/wp-content\/uploads\/2021\/05\/76123702-B802-4C77-B28B-703457534B65_1_105_c.jpeg\",\"width\":1086,\"height\":724},{\"@type\":\"BreadcrumbList\",\"@id\":\"https:\/\/zonafrancasantiago.com\/gran-parte-de-las-tendencias-empresariales-y-tecnologicas-han-venido-del-sector-de-zona-franca\/#breadcrumb\",\"itemListElement\":[{\"@type\":\"ListItem\",\"position\":1,\"name\":\"Portada\",\"item\":\"https:\/\/zonafrancasantiago.com\/en\/\"},{\"@type\":\"ListItem\",\"position\":2,\"name\":\"Rostros PIVEM: Oscar Fr\u00edas\"}]},{\"@type\":\"WebSite\",\"@id\":\"https:\/\/zonafrancasantiago.com\/#website\",\"url\":\"https:\/\/zonafrancasantiago.com\/\",\"name\":\"Corporaci\u00f3n Zona Franca Santiago\",\"description\":\"\",\"publisher\":{\"@id\":\"https:\/\/zonafrancasantiago.com\/#organization\"},\"potentialAction\":[{\"@type\":\"SearchAction\",\"target\":{\"@type\":\"EntryPoint\",\"urlTemplate\":\"https:\/\/zonafrancasantiago.com\/?s={search_term_string}\"},\"query-input\":{\"@type\":\"PropertyValueSpecification\",\"valueRequired\":true,\"valueName\":\"search_term_string\"}}],\"inLanguage\":\"en-US\"},{\"@type\":\"Organization\",\"@id\":\"https:\/\/zonafrancasantiago.com\/#organization\",\"name\":\"Corporaci\u00f3n Zona Franca Santiago\",\"url\":\"https:\/\/zonafrancasantiago.com\/\",\"logo\":{\"@type\":\"ImageObject\",\"inLanguage\":\"en-US\",\"@id\":\"https:\/\/zonafrancasantiago.com\/#\/schema\/logo\/image\/\",\"url\":\"https:\/\/zonafrancasantiago.com\/wp-content\/uploads\/2024\/04\/zonafranca-logo.png\",\"contentUrl\":\"https:\/\/zonafrancasantiago.com\/wp-content\/uploads\/2024\/04\/zonafranca-logo.png\",\"width\":245,\"height\":84,\"caption\":\"Corporaci\u00f3n Zona Franca Santiago\"},\"image\":{\"@id\":\"https:\/\/zonafrancasantiago.com\/#\/schema\/logo\/image\/\"},\"sameAs\":[\"https:\/\/www.facebook.com\/CZFSantiago\",\"https:\/\/x.com\/czfsantiagord\",\"https:\/\/www.instagram.com\/czfsantiago\/\",\"https:\/\/www.linkedin.com\/company\/corporacin-zona-franca-santiago\/\",\"https:\/\/www.youtube.com\/@CZFSantiago\"]},{\"@type\":\"Person\",\"@id\":\"https:\/\/zonafrancasantiago.com\/#\/schema\/person\/231fdb0cbe334af0f09f36c18b373b97\",\"name\":\"victor\",\"image\":{\"@type\":\"ImageObject\",\"inLanguage\":\"en-US\",\"@id\":\"https:\/\/zonafrancasantiago.com\/#\/schema\/person\/image\/\",\"url\":\"https:\/\/secure.gravatar.com\/avatar\/1ff4cc1d3cbe810ce69a34f5e275a40730288eb7c1925f7841092e6857ccba93?s=96&d=mm&r=g\",\"contentUrl\":\"https:\/\/secure.gravatar.com\/avatar\/1ff4cc1d3cbe810ce69a34f5e275a40730288eb7c1925f7841092e6857ccba93?s=96&d=mm&r=g\",\"caption\":\"victor\"},\"url\":\"https:\/\/zonafrancasantiago.com\/en\/author\/victor\/\"}]}<\/script>\n<!-- \/ Yoast SEO plugin. -->","yoast_head_json":{"title":"Rostros PIVEM: Oscar Fr\u00edas - Corporaci\u00f3n Zona Franca Santiago","robots":{"index":"index","follow":"follow","max-snippet":"max-snippet:-1","max-image-preview":"max-image-preview:large","max-video-preview":"max-video-preview:-1"},"canonical":"https:\/\/zonafrancasantiago.com\/gran-parte-de-las-tendencias-empresariales-y-tecnologicas-han-venido-del-sector-de-zona-franca\/","og_locale":"en_US","og_type":"article","og_title":"Rostros PIVEM: Oscar Fr\u00edas - Corporaci\u00f3n Zona Franca Santiago","og_description":"\u201cGran parte de las tendencias empresariales y tecnol\u00f3gicas han venido del sector de Zona Franca\u201d Entre octubre y enero, Oscar Fr\u00edas es m\u00e1s aguilucho que Chilote Llenas. Ama el beisbol, as\u00ed como las cosas hechas con amor. Es ingeniero electromec\u00e1nico, con orientaci\u00f3n el\u00e9ctrica, egresado de la PUCMM. En la misma academia, realiz\u00f3 una maestr\u00eda en [&hellip;]","og_url":"https:\/\/zonafrancasantiago.com\/gran-parte-de-las-tendencias-empresariales-y-tecnologicas-han-venido-del-sector-de-zona-franca\/","og_site_name":"Corporaci\u00f3n Zona Franca Santiago","article_publisher":"https:\/\/www.facebook.com\/CZFSantiago","article_published_time":"2021-05-14T13:41:17+00:00","og_image":[{"width":1086,"height":724,"url":"https:\/\/zonafrancasantiago.com\/wp-content\/uploads\/2021\/05\/76123702-B802-4C77-B28B-703457534B65_1_105_c.jpeg","type":"image\/jpeg"}],"author":"victor","twitter_card":"summary_large_image","twitter_creator":"@czfsantiagord","twitter_site":"@czfsantiagord","twitter_misc":{"Written by":"victor","Est. reading time":"2 minutes"},"schema":{"@context":"https:\/\/schema.org","@graph":[{"@type":"Article","@id":"https:\/\/zonafrancasantiago.com\/gran-parte-de-las-tendencias-empresariales-y-tecnologicas-han-venido-del-sector-de-zona-franca\/#article","isPartOf":{"@id":"https:\/\/zonafrancasantiago.com\/gran-parte-de-las-tendencias-empresariales-y-tecnologicas-han-venido-del-sector-de-zona-franca\/"},"author":{"name":"victor","@id":"https:\/\/zonafrancasantiago.com\/#\/schema\/person\/231fdb0cbe334af0f09f36c18b373b97"},"headline":"Rostros PIVEM: Oscar Fr\u00edas","datePublished":"2021-05-14T13:41:17+00:00","mainEntityOfPage":{"@id":"https:\/\/zonafrancasantiago.com\/gran-parte-de-las-tendencias-empresariales-y-tecnologicas-han-venido-del-sector-de-zona-franca\/"},"wordCount":369,"commentCount":0,"publisher":{"@id":"https:\/\/zonafrancasantiago.com\/#organization"},"image":{"@id":"https:\/\/zonafrancasantiago.com\/gran-parte-de-las-tendencias-empresariales-y-tecnologicas-han-venido-del-sector-de-zona-franca\/#primaryimage"},"thumbnailUrl":"https:\/\/zonafrancasantiago.com\/wp-content\/uploads\/2021\/05\/76123702-B802-4C77-B28B-703457534B65_1_105_c.jpeg","articleSection":["Sin categorizar"],"inLanguage":"en-US","potentialAction":[{"@type":"CommentAction","name":"Comment","target":["https:\/\/zonafrancasantiago.com\/gran-parte-de-las-tendencias-empresariales-y-tecnologicas-han-venido-del-sector-de-zona-franca\/#respond"]}]},{"@type":"WebPage","@id":"https:\/\/zonafrancasantiago.com\/gran-parte-de-las-tendencias-empresariales-y-tecnologicas-han-venido-del-sector-de-zona-franca\/","url":"https:\/\/zonafrancasantiago.com\/gran-parte-de-las-tendencias-empresariales-y-tecnologicas-han-venido-del-sector-de-zona-franca\/","name":"Rostros PIVEM: Oscar Fr\u00edas - Corporaci\u00f3n Zona Franca Santiago","isPartOf":{"@id":"https:\/\/zonafrancasantiago.com\/#website"},"primaryImageOfPage":{"@id":"https:\/\/zonafrancasantiago.com\/gran-parte-de-las-tendencias-empresariales-y-tecnologicas-han-venido-del-sector-de-zona-franca\/#primaryimage"},"image":{"@id":"https:\/\/zonafrancasantiago.com\/gran-parte-de-las-tendencias-empresariales-y-tecnologicas-han-venido-del-sector-de-zona-franca\/#primaryimage"},"thumbnailUrl":"https:\/\/zonafrancasantiago.com\/wp-content\/uploads\/2021\/05\/76123702-B802-4C77-B28B-703457534B65_1_105_c.jpeg","datePublished":"2021-05-14T13:41:17+00:00","breadcrumb":{"@id":"https:\/\/zonafrancasantiago.com\/gran-parte-de-las-tendencias-empresariales-y-tecnologicas-han-venido-del-sector-de-zona-franca\/#breadcrumb"},"inLanguage":"en-US","potentialAction":[{"@type":"ReadAction","target":["https:\/\/zonafrancasantiago.com\/gran-parte-de-las-tendencias-empresariales-y-tecnologicas-han-venido-del-sector-de-zona-franca\/"]}]},{"@type":"ImageObject","inLanguage":"en-US","@id":"https:\/\/zonafrancasantiago.com\/gran-parte-de-las-tendencias-empresariales-y-tecnologicas-han-venido-del-sector-de-zona-franca\/#primaryimage","url":"https:\/\/zonafrancasantiago.com\/wp-content\/uploads\/2021\/05\/76123702-B802-4C77-B28B-703457534B65_1_105_c.jpeg","contentUrl":"https:\/\/zonafrancasantiago.com\/wp-content\/uploads\/2021\/05\/76123702-B802-4C77-B28B-703457534B65_1_105_c.jpeg","width":1086,"height":724},{"@type":"BreadcrumbList","@id":"https:\/\/zonafrancasantiago.com\/gran-parte-de-las-tendencias-empresariales-y-tecnologicas-han-venido-del-sector-de-zona-franca\/#breadcrumb","itemListElement":[{"@type":"ListItem","position":1,"name":"Portada","item":"https:\/\/zonafrancasantiago.com\/en\/"},{"@type":"ListItem","position":2,"name":"Rostros PIVEM: Oscar Fr\u00edas"}]},{"@type":"WebSite","@id":"https:\/\/zonafrancasantiago.com\/#website","url":"https:\/\/zonafrancasantiago.com\/","name":"Corporaci\u00f3n Zona Franca Santiago","description":"","publisher":{"@id":"https:\/\/zonafrancasantiago.com\/#organization"},"potentialAction":[{"@type":"SearchAction","target":{"@type":"EntryPoint","urlTemplate":"https:\/\/zonafrancasantiago.com\/?s={search_term_string}"},"query-input":{"@type":"PropertyValueSpecification","valueRequired":true,"valueName":"search_term_string"}}],"inLanguage":"en-US"},{"@type":"Organization","@id":"https:\/\/zonafrancasantiago.com\/#organization","name":"Corporaci\u00f3n Zona Franca Santiago","url":"https:\/\/zonafrancasantiago.com\/","logo":{"@type":"ImageObject","inLanguage":"en-US","@id":"https:\/\/zonafrancasantiago.com\/#\/schema\/logo\/image\/","url":"https:\/\/zonafrancasantiago.com\/wp-content\/uploads\/2024\/04\/zonafranca-logo.png","contentUrl":"https:\/\/zonafrancasantiago.com\/wp-content\/uploads\/2024\/04\/zonafranca-logo.png","width":245,"height":84,"caption":"Corporaci\u00f3n Zona Franca Santiago"},"image":{"@id":"https:\/\/zonafrancasantiago.com\/#\/schema\/logo\/image\/"},"sameAs":["https:\/\/www.facebook.com\/CZFSantiago","https:\/\/x.com\/czfsantiagord","https:\/\/www.instagram.com\/czfsantiago\/","https:\/\/www.linkedin.com\/company\/corporacin-zona-franca-santiago\/","https:\/\/www.youtube.com\/@CZFSantiago"]},{"@type":"Person","@id":"https:\/\/zonafrancasantiago.com\/#\/schema\/person\/231fdb0cbe334af0f09f36c18b373b97","name":"victor","image":{"@type":"ImageObject","inLanguage":"en-US","@id":"https:\/\/zonafrancasantiago.com\/#\/schema\/person\/image\/","url":"https:\/\/secure.gravatar.com\/avatar\/1ff4cc1d3cbe810ce69a34f5e275a40730288eb7c1925f7841092e6857ccba93?s=96&d=mm&r=g","contentUrl":"https:\/\/secure.gravatar.com\/avatar\/1ff4cc1d3cbe810ce69a34f5e275a40730288eb7c1925f7841092e6857ccba93?s=96&d=mm&r=g","caption":"victor"},"url":"https:\/\/zonafrancasantiago.com\/en\/author\/victor\/"}]}},"_links":{"self":[{"href":"https:\/\/zonafrancasantiago.com\/en\/wp-json\/wp\/v2\/posts\/7409","targetHints":{"allow":["GET"]}}],"collection":[{"href":"https:\/\/zonafrancasantiago.com\/en\/wp-json\/wp\/v2\/posts"}],"about":[{"href":"https:\/\/zonafrancasantiago.com\/en\/wp-json\/wp\/v2\/types\/post"}],"author":[{"embeddable":true,"href":"https:\/\/zonafrancasantiago.com\/en\/wp-json\/wp\/v2\/users\/8"}],"replies":[{"embeddable":true,"href":"https:\/\/zonafrancasantiago.com\/en\/wp-json\/wp\/v2\/comments?post=7409"}],"version-history":[{"count":1,"href":"https:\/\/zonafrancasantiago.com\/en\/wp-json\/wp\/v2\/posts\/7409\/revisions"}],"predecessor-version":[{"id":21251,"href":"https:\/\/zonafrancasantiago.com\/en\/wp-json\/wp\/v2\/posts\/7409\/revisions\/21251"}],"wp:featuredmedia":[{"embeddable":true,"href":"https:\/\/zonafrancasantiago.com\/en\/wp-json\/wp\/v2\/media\/7410"}],"wp:attachment":[{"href":"https:\/\/zonafrancasantiago.com\/en\/wp-json\/wp\/v2\/media?parent=7409"}],"wp:term":[{"taxonomy":"category","embeddable":true,"href":"https:\/\/zonafrancasantiago.com\/en\/wp-json\/wp\/v2\/categories?post=7409"},{"taxonomy":"post_tag","embeddable":true,"href":"https:\/\/zonafrancasantiago.com\/en\/wp-json\/wp\/v2\/tags?post=7409"}],"curies":[{"name":"wp","href":"https:\/\/api.w.org\/{rel}","templated":true}]}}